{"id":803,"date":"2023-04-05T14:07:48","date_gmt":"2023-04-05T11:07:48","guid":{"rendered":"https:\/\/sites.uef.fi\/farmasia50\/?p=803"},"modified":"2025-05-07T12:28:30","modified_gmt":"2025-05-07T09:28:30","slug":"alumni-timo-auvinen","status":"publish","type":"post","link":"https:\/\/sites.uef.fi\/farmasia50\/2023\/04\/05\/alumni-timo-auvinen\/","title":{"rendered":"Alumni &#8211; Timo Auvinen"},"content":{"rendered":"\n<h1 class=\"wp-block-heading\">Keskusteluyhteys apteekkikent\u00e4lt\u00e4 yliopistolle<\/h1>\n\n\n\n<figure class=\"wp-block-image size-large\"><img loading=\"lazy\" decoding=\"async\" width=\"1024\" height=\"681\" src=\"https:\/\/sites.uef.fi\/farmasia50\/wp-content\/uploads\/sites\/394\/2023\/04\/TT_Savon_apteekkariyhdistyksen_lahjoitus_6415--1024x681.jpg\" alt=\"\" class=\"wp-image-806\" srcset=\"https:\/\/sites.uef.fi\/farmasia50\/wp-content\/uploads\/sites\/394\/2023\/04\/TT_Savon_apteekkariyhdistyksen_lahjoitus_6415--1024x681.jpg 1024w, https:\/\/sites.uef.fi\/farmasia50\/wp-content\/uploads\/sites\/394\/2023\/04\/TT_Savon_apteekkariyhdistyksen_lahjoitus_6415--300x200.jpg 300w, https:\/\/sites.uef.fi\/farmasia50\/wp-content\/uploads\/sites\/394\/2023\/04\/TT_Savon_apteekkariyhdistyksen_lahjoitus_6415--768x511.jpg 768w, https:\/\/sites.uef.fi\/farmasia50\/wp-content\/uploads\/sites\/394\/2023\/04\/TT_Savon_apteekkariyhdistyksen_lahjoitus_6415--1536x1022.jpg 1536w, https:\/\/sites.uef.fi\/farmasia50\/wp-content\/uploads\/sites\/394\/2023\/04\/TT_Savon_apteekkariyhdistyksen_lahjoitus_6415-.jpg 2000w\" sizes=\"auto, (max-width: 1024px) 100vw, 1024px\" \/><figcaption class=\"wp-element-caption\">Savon Apteekkariyhdistyksen vierailu farmasian laitoksella vuonna 2022. <br>Timo Auvinen edess\u00e4 vasemmalla, vieress\u00e4 farmasian laitoksen johtaja Jarkko Ketolainen.<\/figcaption><\/figure>\n\n\n\n<h2 class=\"wp-block-heading\">Timo Auvinen, apteekkari<\/h2>\n\n\n\n<p><br>&#8221;<em>Apteekkiala pit\u00e4isi saada houkuttelevammaksi valmistuville farmaseuteille ja proviisoreille. Arvostusta lis\u00e4\u00e4, jos apteekin ammattilaisten tietotaito otetaan kunnolla k\u00e4ytt\u00f6\u00f6n uusilla hyvinvointialueilla<\/em>.&#8221;<\/p>\n\n\n\n<p><br>Savon apteekkariyhdistyksen puheenjohtajana Auvinen on istunut monissa yliopistov\u00e4en ja apteekkarien palavereissa, joissa on keskusteltu muun muassa apteekkien ty\u00f6voima- ja osaamistarpeista, koulutuksen uudistuksista, apteekkiharjoittelusta sek\u00e4 apteekkitoimintaan liittyv\u00e4st\u00e4 tutkimuksesta. \u2013 Yhdistyksell\u00e4 on ollut keskusteluyhteys yliopistolle ihan farmasian koulutuksen alkuajoista saakka, mutta viime vuosina on pyritty viel\u00e4 aktiivisempaan yhteydenpitoon.<\/p>\n\n\n\n<p><br>\u2013 Ty\u00f6voimapula on nyt haaste, jota on yhdess\u00e4 farmasian laitoksen kanssa pohdittu. Tarvitaanko aloituspaikkoja enemm\u00e4n, miten opintoja voisi suunnata viel\u00e4 enemm\u00e4n apteekkity\u00f6h\u00f6n ja miten apteekkialan houkuttelevuutta voisi lis\u00e4t\u00e4.<\/p>\n\n\n\n<!--more-->\n\n\n\n<p><br>T\u00e4rke\u00e4\u00e4 on Auvisen mielest\u00e4, ett\u00e4 opiskelijat paitsi oppivat kokonaisuuksien hallintaa, kuten l\u00e4\u00e4kehoidon arviointia, my\u00f6s p\u00e4\u00e4sev\u00e4t k\u00e4ytt\u00e4m\u00e4\u00e4n osaamistaan muiden terveydenhuollon ammattilaisten pelikumppaneina. \u2013 Apteekkity\u00f6n arvostus kasvaa, kun apteekkien tietotaitoa hy\u00f6dynnet\u00e4\u00e4n enemm\u00e4n potilaiden hoidossa. Esimerkiksi Kanta-palveluissa tiedon pit\u00e4isi kulkea molempiin suuntiin l\u00e4\u00e4k\u00e4rin ja apteekin v\u00e4lill\u00e4. Se hyvinvointialue, joka t\u00e4m\u00e4n saa ensimm\u00e4isen\u00e4 toimimaan, on jo pitk\u00e4ll\u00e4, mutta toki muutos tarvitaan koko valtakunnalliseen j\u00e4rjestelm\u00e4\u00e4n.<\/p>\n\n\n\n<p><br>Savonlinnan Uuden Apteekin apteekkarina vuodesta 2017 toiminut Auvinen oli haastattelun aikoihin vuodenvaihteessa 2022\u20132023 \u201dkahden apteekin loukussa\u201d, siirtym\u00e4ss\u00e4 apteekkariksi Vihtiin ja luotsaamassa viel\u00e4 toimintaa Savonlinnassa.<\/p>\n\n\n\n<h2 class=\"wp-block-heading\">Monen tie vei l\u00e4\u00e4keteollisuuden kautta apteekkiin<\/h2>\n\n\n\n<p><br>Apteekkarin poikana Auvinen kiinnostui alasta jo varhain ja aloitti farmasian opinnot vuonna 1986 Kuopiossa. \u2013 Hain ja p\u00e4\u00e4sin my\u00f6s Teknilliseen korkeakouluun Lappeenrantaan, mutta olin miettinyt valmiiksi, ett\u00e4 jos p\u00e4\u00e4sen farmasialle, niin menen ilman muuta sinne.<\/p>\n\n\n\n<p><br>\u2013 Akateeminen vapaus oli uutta ja sopi minulle, vaikka istuin kyll\u00e4 luennoilla. Meill\u00e4 oli mukava porukka, mukana meit\u00e4 suoraan lukiosta tulleita r\u00e4k\u00e4nokkia, mutta my\u00f6s farmaseutiksi valmistuneita, joista osalla oli jo perheetkin.<\/p>\n\n\n\n<p><br>\u2013 Opiskelijarientoihin piti aina keret\u00e4 ja olin pari vuotta ainej\u00e4rjest\u00f6 Fortiksen puheenjohtajanakin. Sen reissun varmasti muistaa moni, kun sisarainej\u00e4rjest\u00f6 YFK:n kollegat Helsingist\u00e4 vierailivat Kuopiossa. Legendaarisia olivat my\u00f6s naamiaiset Orionilla. Ihmiset rakensivat asujaan pitk\u00e4\u00e4n ja hartaasti.<\/p>\n\n\n\n<figure class=\"wp-block-image size-large\"><img loading=\"lazy\" decoding=\"async\" width=\"1024\" height=\"450\" src=\"https:\/\/sites.uef.fi\/farmasia50\/wp-content\/uploads\/sites\/394\/2023\/04\/Timo-Auvinen-Kuva3-1024x450.jpg\" alt=\"\" class=\"wp-image-809\" srcset=\"https:\/\/sites.uef.fi\/farmasia50\/wp-content\/uploads\/sites\/394\/2023\/04\/Timo-Auvinen-Kuva3-1024x450.jpg 1024w, https:\/\/sites.uef.fi\/farmasia50\/wp-content\/uploads\/sites\/394\/2023\/04\/Timo-Auvinen-Kuva3-300x132.jpg 300w, https:\/\/sites.uef.fi\/farmasia50\/wp-content\/uploads\/sites\/394\/2023\/04\/Timo-Auvinen-Kuva3-768x338.jpg 768w, https:\/\/sites.uef.fi\/farmasia50\/wp-content\/uploads\/sites\/394\/2023\/04\/Timo-Auvinen-Kuva3-1536x676.jpg 1536w, https:\/\/sites.uef.fi\/farmasia50\/wp-content\/uploads\/sites\/394\/2023\/04\/Timo-Auvinen-Kuva3-2048x901.jpg 2048w\" sizes=\"auto, (max-width: 1024px) 100vw, 1024px\" \/><figcaption class=\"wp-element-caption\">Vuoden 1986 proviisorikurssilaiset.<\/figcaption><\/figure>\n\n\n\n<p><br>Monet opettajat tekiv\u00e4t opiskelijaan vaikutuksen. \u2013 Tein erikoisty\u00f6ni farmakologiasta, ja ohjaajastani Veijo Saanosta tuli minulle t\u00e4rke\u00e4. Ewen MacDonald oli tietenkin el\u00e4v\u00e4 legenda, eik\u00e4 Mauno Airaksista ja h\u00e4nen nauruaan voi j\u00e4tt\u00e4\u00e4 mainitsematta. Jos pystyi sit\u00e4 kuuntelemaan reagoimatta mitenk\u00e4\u00e4n, kuulolaite oli liian pienell\u00e4.<\/p>\n\n\n\n<p><br>Farmakologian k\u00e4yt\u00e4v\u00e4ll\u00e4 hymyilytti my\u00f6s kyltti \u201dSakaristo\u201d, joka markkeerasi Sakari Niemisen ja Sakari Kolosen ty\u00f6huonetta.<\/p>\n\n\n\n<p><br>Proviisoriksi valmistuttuaan Auvinen ty\u00f6skenteli jonkin aikaa apteekissa. \u2013 Halusin kuitenkin n\u00e4hd\u00e4, millaista on l\u00e4\u00e4keteollisuuden puolella. Siell\u00e4 vier\u00e4htikin sitten 22 vuotta eri teht\u00e4viss\u00e4.<\/p>\n\n\n\n<p><br>\u2013 Samalta kurssilta meit\u00e4 taisi 12 herrasmiest\u00e4 p\u00e4\u00e4ty\u00e4 teollisuuteen, se oli sen ajan buumi. Nyt olemme kaikki apteekkareita. Se kuvastaa muutosta, mutta ehk\u00e4 my\u00f6s resilienssi\u00e4, Auvinen toteaa.<\/p>\n\n\n\n<p><br>\u2013 Apteekkariksi ryhtyminen oli my\u00f6s looginen jatkumo uralla, kun oli yritysmaailmassa toiminut vastuullisissa teht\u00e4viss\u00e4. Moni meist\u00e4 hankki sin\u00e4 aikana lis\u00e4koulutusta liiketoiminnasta, joten oli luontevaa l\u00e4hte\u00e4 kokeilemaan omia siipi\u00e4\u00e4n yritt\u00e4j\u00e4n\u00e4.<\/p>\n\n\n\n<h2 class=\"wp-block-heading\">Apteekkitekniikkaa ennen ja nyt<\/h2>\n\n\n\n<p><br>\u2013 Kun opiskeluaikana tein keikkaa Sallan apteekissa, asiakkaille kirjoitettiin ohjelaput kirjoituskoneella, l\u00e4\u00e4kkeiden hinnat katsottiin mikrofilmilt\u00e4 ja Kela-korvaukset laskettiin taskulaskimella, Auvinen muistelee.<\/p>\n\n\n\n<p><br>Apteekkarina h\u00e4n haluaa pysy\u00e4 kehityksen etulinjassa. \u2013 Savonlinnassa olemme ottaneet k\u00e4ytt\u00f6\u00f6n muun muassa uudet apteekkiohjelmat, s\u00e4hk\u00f6iset tilausj\u00e4rjestelm\u00e4t, s\u00e4hk\u00f6iset hintalaput ja automaattisen l\u00e4mp\u00f6tilan seurannan. Nykyaikaisessa apteekissa on my\u00f6s mukava tehd\u00e4 t\u00f6it\u00e4.<\/p>\n\n\n\n<p><br>Vihdiss\u00e4 pakettiin kuuluu my\u00f6s verkkoapteekki. \u2013 On kiinnostavaa p\u00e4\u00e4st\u00e4 kehitt\u00e4m\u00e4\u00e4n v\u00e4h\u00e4n isompaa apteekkia. Maalaispit\u00e4j\u00e4ss\u00e4 kilpailua on v\u00e4hemm\u00e4n, mutta kaiken pit\u00e4\u00e4 silti sujua kuin rasvattuna.<\/p>\n\n\n\n<h2 class=\"wp-block-heading\">Tekniikka ei korvaa kohtaamisia<br><\/h2>\n\n\n\n<p>Millaisia suomalaiset apteekit ovat 50 vuoden p\u00e4\u00e4st\u00e4? \u2013 Tekniikka tuo paljon uusia mahdollisuuksia: l\u00e4\u00e4kkeiden 3D-tulostusta, robotiikkaa ja automatiikkaa. Ihminen kohtaa kuitenkin edelleen ihmisen apteekissa ja apteekit toimivat terveydenhuollon l\u00e4hipalveluna terveyskeskusten karatessa yh\u00e4 kauemmas.<\/p>\n\n\n\n<p><br>\u2013 Dystooppisemmassa tulevaisuudenkuvassa alalla toimivat vain K- ja S-apteekit, buranat saa nikotiinin vierest\u00e4 kaupan kassalta ja vieress\u00e4 on numero, johon voi soittaa, jos on kysytt\u00e4v\u00e4\u00e4. Toivon kuitenkin, ett\u00e4 meill\u00e4 on yh\u00e4 ammattitaitoon perustuva apteekkij\u00e4rjestelm\u00e4, jossa my\u00f6s asiakkaiden tietosuoja on turvattu.<\/p>\n\n\n\n<p><br>Millaisia terveisi\u00e4 Auvinen l\u00e4hett\u00e4\u00e4 50-vuotiaalle farmasian laitokselle? \u2013 50 vuodessa It\u00e4-Suomeen on rakennettu vahva farmasian ja l\u00e4\u00e4ketieteen osaamiskeskus. Siit\u00e4 t\u00e4ytyy pit\u00e4\u00e4 kiinni, sill\u00e4 kilpajuoksu on kovaa. Jatkakaa hyv\u00e4\u00e4 ty\u00f6t\u00e4, vaalikaa sis\u00e4ist\u00e4 paloa ja pysyk\u00e4\u00e4 muutoksessa mukana.<\/p>\n","protected":false},"excerpt":{"rendered":"<p>Keskusteluyhteys apteekkikent\u00e4lt\u00e4 yliopistolle Timo Auvinen, apteekkari &#8221;Apteekkiala pit\u00e4isi saada houkuttelevammaksi valmistuville farmaseuteille ja proviisoreille. Arvostusta lis\u00e4\u00e4, jos apteekin ammattilaisten tietotaito otetaan kunnolla k\u00e4ytt\u00f6\u00f6n uusilla hyvinvointialueilla.&#8221; Savon apteekkariyhdistyksen puheenjohtajana Auvinen on istunut monissa yliopistov\u00e4en ja apteekkarien palavereissa, joissa on keskusteltu muun muassa apteekkien ty\u00f6voima- ja osaamistarpeista, koulutuksen uudistuksista, apteekkiharjoittelusta sek\u00e4 apteekkitoimintaan liittyv\u00e4st\u00e4 tutkimuksesta. \u2013 Yhdistyksell\u00e4 on [&hellip;]<\/p>\n","protected":false},"author":447,"featured_media":0,"comment_status":"closed","ping_status":"open","sticky":true,"template":"","format":"standard","meta":{"_acf_changed":false,"footnotes":""},"categories":[20],"tags":[53,56,59],"class_list":["post-803","post","type-post","status-publish","format-standard","hentry","category-minun-farmasiani-alumnit","tag-keskustelyhteys-apteekkikentalta-yliopistolle","tag-laaketeollisuuden-kautta-apteekkiin","tag-tekniikka-ei-korvaa-kohtaamista"],"acf":[],"yoast_head":"<!-- This site is optimized with the Yoast SEO plugin v27.3 - https:\/\/yoast.com\/product\/yoast-seo-wordpress\/ -->\n<title>Alumni - Timo Auvinen - Farmasiaa Kuopiossa 50 vuotta<\/title>\n<meta name=\"robots\" content=\"index, follow, max-snippet:-1, max-image-preview:large, max-video-preview:-1\" \/>\n<link rel=\"canonical\" href=\"https:\/\/sites.uef.fi\/farmasia50\/2023\/04\/05\/alumni-timo-auvinen\/\" \/>\n<meta property=\"og:locale\" content=\"fi_FI\" \/>\n<meta property=\"og:type\" content=\"article\" \/>\n<meta property=\"og:title\" content=\"Alumni - Timo Auvinen - Farmasiaa Kuopiossa 50 vuotta\" \/>\n<meta property=\"og:description\" content=\"Keskusteluyhteys apteekkikent\u00e4lt\u00e4 yliopistolle Timo Auvinen, apteekkari &#8221;Apteekkiala pit\u00e4isi saada houkuttelevammaksi valmistuville farmaseuteille ja proviisoreille. Arvostusta lis\u00e4\u00e4, jos apteekin ammattilaisten tietotaito otetaan kunnolla k\u00e4ytt\u00f6\u00f6n uusilla hyvinvointialueilla.&#8221; Savon apteekkariyhdistyksen puheenjohtajana Auvinen on istunut monissa yliopistov\u00e4en ja apteekkarien palavereissa, joissa on keskusteltu muun muassa apteekkien ty\u00f6voima- ja osaamistarpeista, koulutuksen uudistuksista, apteekkiharjoittelusta sek\u00e4 apteekkitoimintaan liittyv\u00e4st\u00e4 tutkimuksesta. \u2013 Yhdistyksell\u00e4 on [&hellip;]\" \/>\n<meta property=\"og:url\" content=\"https:\/\/sites.uef.fi\/farmasia50\/2023\/04\/05\/alumni-timo-auvinen\/\" \/>\n<meta property=\"og:site_name\" content=\"Farmasiaa Kuopiossa 50 vuotta\" \/>\n<meta property=\"article:published_time\" content=\"2023-04-05T11:07:48+00:00\" \/>\n<meta property=\"article:modified_time\" content=\"2025-05-07T09:28:30+00:00\" \/>\n<meta property=\"og:image\" content=\"https:\/\/sites.uef.fi\/farmasia50\/wp-content\/uploads\/sites\/394\/2023\/04\/TT_Savon_apteekkariyhdistyksen_lahjoitus_6415-.jpg\" \/>\n\t<meta property=\"og:image:width\" content=\"2000\" \/>\n\t<meta property=\"og:image:height\" content=\"1331\" \/>\n\t<meta property=\"og:image:type\" content=\"image\/jpeg\" \/>\n<meta name=\"author\" content=\"psiitone\" \/>\n<meta name=\"twitter:card\" content=\"summary_large_image\" \/>\n<meta name=\"twitter:label1\" content=\"Kirjoittanut\" \/>\n\t<meta name=\"twitter:data1\" content=\"psiitone\" \/>\n\t<meta name=\"twitter:label2\" content=\"Arvioitu lukuaika\" \/>\n\t<meta name=\"twitter:data2\" content=\"4 minuuttia\" \/>\n<script type=\"application\/ld+json\" class=\"yoast-schema-graph\">{\"@context\":\"https:\\\/\\\/schema.org\",\"@graph\":[{\"@type\":\"Article\",\"@id\":\"https:\\\/\\\/sites.uef.fi\\\/farmasia50\\\/2023\\\/04\\\/05\\\/alumni-timo-auvinen\\\/#article\",\"isPartOf\":{\"@id\":\"https:\\\/\\\/sites.uef.fi\\\/farmasia50\\\/2023\\\/04\\\/05\\\/alumni-timo-auvinen\\\/\"},\"author\":{\"name\":\"psiitone\",\"@id\":\"https:\\\/\\\/sites.uef.fi\\\/farmasia50\\\/#\\\/schema\\\/person\\\/e6139d8f3d7feebfafc7471f9407700c\"},\"headline\":\"Alumni &#8211; Timo Auvinen\",\"datePublished\":\"2023-04-05T11:07:48+00:00\",\"dateModified\":\"2025-05-07T09:28:30+00:00\",\"mainEntityOfPage\":{\"@id\":\"https:\\\/\\\/sites.uef.fi\\\/farmasia50\\\/2023\\\/04\\\/05\\\/alumni-timo-auvinen\\\/\"},\"wordCount\":724,\"publisher\":{\"@id\":\"https:\\\/\\\/sites.uef.fi\\\/farmasia50\\\/#organization\"},\"image\":{\"@id\":\"https:\\\/\\\/sites.uef.fi\\\/farmasia50\\\/2023\\\/04\\\/05\\\/alumni-timo-auvinen\\\/#primaryimage\"},\"thumbnailUrl\":\"https:\\\/\\\/sites.uef.fi\\\/farmasia50\\\/wp-content\\\/uploads\\\/sites\\\/394\\\/2023\\\/04\\\/TT_Savon_apteekkariyhdistyksen_lahjoitus_6415--1024x681.jpg\",\"keywords\":[\"keskustelyhteys apteekkikent\u00e4lt\u00e4 yliopistolle\",\"l\u00e4\u00e4keteollisuuden kautta apteekkiin\",\"tekniikka ei korvaa kohtaamista\"],\"articleSection\":[\"Minun farmasiani - Alumnit\"],\"inLanguage\":\"fi\"},{\"@type\":\"WebPage\",\"@id\":\"https:\\\/\\\/sites.uef.fi\\\/farmasia50\\\/2023\\\/04\\\/05\\\/alumni-timo-auvinen\\\/\",\"url\":\"https:\\\/\\\/sites.uef.fi\\\/farmasia50\\\/2023\\\/04\\\/05\\\/alumni-timo-auvinen\\\/\",\"name\":\"Alumni - Timo Auvinen - Farmasiaa Kuopiossa 50 vuotta\",\"isPartOf\":{\"@id\":\"https:\\\/\\\/sites.uef.fi\\\/farmasia50\\\/#website\"},\"primaryImageOfPage\":{\"@id\":\"https:\\\/\\\/sites.uef.fi\\\/farmasia50\\\/2023\\\/04\\\/05\\\/alumni-timo-auvinen\\\/#primaryimage\"},\"image\":{\"@id\":\"https:\\\/\\\/sites.uef.fi\\\/farmasia50\\\/2023\\\/04\\\/05\\\/alumni-timo-auvinen\\\/#primaryimage\"},\"thumbnailUrl\":\"https:\\\/\\\/sites.uef.fi\\\/farmasia50\\\/wp-content\\\/uploads\\\/sites\\\/394\\\/2023\\\/04\\\/TT_Savon_apteekkariyhdistyksen_lahjoitus_6415--1024x681.jpg\",\"datePublished\":\"2023-04-05T11:07:48+00:00\",\"dateModified\":\"2025-05-07T09:28:30+00:00\",\"breadcrumb\":{\"@id\":\"https:\\\/\\\/sites.uef.fi\\\/farmasia50\\\/2023\\\/04\\\/05\\\/alumni-timo-auvinen\\\/#breadcrumb\"},\"inLanguage\":\"fi\",\"potentialAction\":[{\"@type\":\"ReadAction\",\"target\":[\"https:\\\/\\\/sites.uef.fi\\\/farmasia50\\\/2023\\\/04\\\/05\\\/alumni-timo-auvinen\\\/\"]}]},{\"@type\":\"ImageObject\",\"inLanguage\":\"fi\",\"@id\":\"https:\\\/\\\/sites.uef.fi\\\/farmasia50\\\/2023\\\/04\\\/05\\\/alumni-timo-auvinen\\\/#primaryimage\",\"url\":\"https:\\\/\\\/sites.uef.fi\\\/farmasia50\\\/wp-content\\\/uploads\\\/sites\\\/394\\\/2023\\\/04\\\/TT_Savon_apteekkariyhdistyksen_lahjoitus_6415-.jpg\",\"contentUrl\":\"https:\\\/\\\/sites.uef.fi\\\/farmasia50\\\/wp-content\\\/uploads\\\/sites\\\/394\\\/2023\\\/04\\\/TT_Savon_apteekkariyhdistyksen_lahjoitus_6415-.jpg\",\"width\":2000,\"height\":1331},{\"@type\":\"BreadcrumbList\",\"@id\":\"https:\\\/\\\/sites.uef.fi\\\/farmasia50\\\/2023\\\/04\\\/05\\\/alumni-timo-auvinen\\\/#breadcrumb\",\"itemListElement\":[{\"@type\":\"ListItem\",\"position\":1,\"name\":\"Home\",\"item\":\"https:\\\/\\\/sites.uef.fi\\\/farmasia50\\\/\"},{\"@type\":\"ListItem\",\"position\":2,\"name\":\"Alumni &#8211; Timo Auvinen\"}]},{\"@type\":\"WebSite\",\"@id\":\"https:\\\/\\\/sites.uef.fi\\\/farmasia50\\\/#website\",\"url\":\"https:\\\/\\\/sites.uef.fi\\\/farmasia50\\\/\",\"name\":\"Farmasiaa Kuopiossa 50 vuotta\",\"description\":\"\",\"publisher\":{\"@id\":\"https:\\\/\\\/sites.uef.fi\\\/farmasia50\\\/#organization\"},\"potentialAction\":[{\"@type\":\"SearchAction\",\"target\":{\"@type\":\"EntryPoint\",\"urlTemplate\":\"https:\\\/\\\/sites.uef.fi\\\/farmasia50\\\/?s={search_term_string}\"},\"query-input\":{\"@type\":\"PropertyValueSpecification\",\"valueRequired\":true,\"valueName\":\"search_term_string\"}}],\"inLanguage\":\"fi\"},{\"@type\":\"Organization\",\"@id\":\"https:\\\/\\\/sites.uef.fi\\\/farmasia50\\\/#organization\",\"name\":\"Farmasiaa Kuopiossa 50 vuotta\",\"url\":\"https:\\\/\\\/sites.uef.fi\\\/farmasia50\\\/\",\"logo\":{\"@type\":\"ImageObject\",\"inLanguage\":\"fi\",\"@id\":\"https:\\\/\\\/sites.uef.fi\\\/farmasia50\\\/#\\\/schema\\\/logo\\\/image\\\/\",\"url\":\"https:\\\/\\\/sites.uef.fi\\\/farmasia50\\\/wp-content\\\/uploads\\\/sites\\\/394\\\/2022\\\/10\\\/cropped-UEF_wordpress_white.png\",\"contentUrl\":\"https:\\\/\\\/sites.uef.fi\\\/farmasia50\\\/wp-content\\\/uploads\\\/sites\\\/394\\\/2022\\\/10\\\/cropped-UEF_wordpress_white.png\",\"width\":250,\"height\":250,\"caption\":\"Farmasiaa Kuopiossa 50 vuotta\"},\"image\":{\"@id\":\"https:\\\/\\\/sites.uef.fi\\\/farmasia50\\\/#\\\/schema\\\/logo\\\/image\\\/\"}},{\"@type\":\"Person\",\"@id\":\"https:\\\/\\\/sites.uef.fi\\\/farmasia50\\\/#\\\/schema\\\/person\\\/e6139d8f3d7feebfafc7471f9407700c\",\"name\":\"psiitone\",\"image\":{\"@type\":\"ImageObject\",\"inLanguage\":\"fi\",\"@id\":\"https:\\\/\\\/secure.gravatar.com\\\/avatar\\\/9ab7fe800261e41cd9042fe0b542b450290d323ec648a6cc0cd123c59caa2b50?s=96&d=mm&r=g\",\"url\":\"https:\\\/\\\/secure.gravatar.com\\\/avatar\\\/9ab7fe800261e41cd9042fe0b542b450290d323ec648a6cc0cd123c59caa2b50?s=96&d=mm&r=g\",\"contentUrl\":\"https:\\\/\\\/secure.gravatar.com\\\/avatar\\\/9ab7fe800261e41cd9042fe0b542b450290d323ec648a6cc0cd123c59caa2b50?s=96&d=mm&r=g\",\"caption\":\"psiitone\"},\"url\":\"https:\\\/\\\/sites.uef.fi\\\/farmasia50\\\/author\\\/psiitone\\\/\"}]}<\/script>\n<!-- \/ Yoast SEO plugin. -->","yoast_head_json":{"title":"Alumni - Timo Auvinen - Farmasiaa Kuopiossa 50 vuotta","robots":{"index":"index","follow":"follow","max-snippet":"max-snippet:-1","max-image-preview":"max-image-preview:large","max-video-preview":"max-video-preview:-1"},"canonical":"https:\/\/sites.uef.fi\/farmasia50\/2023\/04\/05\/alumni-timo-auvinen\/","og_locale":"fi_FI","og_type":"article","og_title":"Alumni - Timo Auvinen - Farmasiaa Kuopiossa 50 vuotta","og_description":"Keskusteluyhteys apteekkikent\u00e4lt\u00e4 yliopistolle Timo Auvinen, apteekkari &#8221;Apteekkiala pit\u00e4isi saada houkuttelevammaksi valmistuville farmaseuteille ja proviisoreille. Arvostusta lis\u00e4\u00e4, jos apteekin ammattilaisten tietotaito otetaan kunnolla k\u00e4ytt\u00f6\u00f6n uusilla hyvinvointialueilla.&#8221; Savon apteekkariyhdistyksen puheenjohtajana Auvinen on istunut monissa yliopistov\u00e4en ja apteekkarien palavereissa, joissa on keskusteltu muun muassa apteekkien ty\u00f6voima- ja osaamistarpeista, koulutuksen uudistuksista, apteekkiharjoittelusta sek\u00e4 apteekkitoimintaan liittyv\u00e4st\u00e4 tutkimuksesta. \u2013 Yhdistyksell\u00e4 on [&hellip;]","og_url":"https:\/\/sites.uef.fi\/farmasia50\/2023\/04\/05\/alumni-timo-auvinen\/","og_site_name":"Farmasiaa Kuopiossa 50 vuotta","article_published_time":"2023-04-05T11:07:48+00:00","article_modified_time":"2025-05-07T09:28:30+00:00","og_image":[{"width":2000,"height":1331,"url":"https:\/\/sites.uef.fi\/farmasia50\/wp-content\/uploads\/sites\/394\/2023\/04\/TT_Savon_apteekkariyhdistyksen_lahjoitus_6415-.jpg","type":"image\/jpeg"}],"author":"psiitone","twitter_card":"summary_large_image","twitter_misc":{"Kirjoittanut":"psiitone","Arvioitu lukuaika":"4 minuuttia"},"schema":{"@context":"https:\/\/schema.org","@graph":[{"@type":"Article","@id":"https:\/\/sites.uef.fi\/farmasia50\/2023\/04\/05\/alumni-timo-auvinen\/#article","isPartOf":{"@id":"https:\/\/sites.uef.fi\/farmasia50\/2023\/04\/05\/alumni-timo-auvinen\/"},"author":{"name":"psiitone","@id":"https:\/\/sites.uef.fi\/farmasia50\/#\/schema\/person\/e6139d8f3d7feebfafc7471f9407700c"},"headline":"Alumni &#8211; Timo Auvinen","datePublished":"2023-04-05T11:07:48+00:00","dateModified":"2025-05-07T09:28:30+00:00","mainEntityOfPage":{"@id":"https:\/\/sites.uef.fi\/farmasia50\/2023\/04\/05\/alumni-timo-auvinen\/"},"wordCount":724,"publisher":{"@id":"https:\/\/sites.uef.fi\/farmasia50\/#organization"},"image":{"@id":"https:\/\/sites.uef.fi\/farmasia50\/2023\/04\/05\/alumni-timo-auvinen\/#primaryimage"},"thumbnailUrl":"https:\/\/sites.uef.fi\/farmasia50\/wp-content\/uploads\/sites\/394\/2023\/04\/TT_Savon_apteekkariyhdistyksen_lahjoitus_6415--1024x681.jpg","keywords":["keskustelyhteys apteekkikent\u00e4lt\u00e4 yliopistolle","l\u00e4\u00e4keteollisuuden kautta apteekkiin","tekniikka ei korvaa kohtaamista"],"articleSection":["Minun farmasiani - Alumnit"],"inLanguage":"fi"},{"@type":"WebPage","@id":"https:\/\/sites.uef.fi\/farmasia50\/2023\/04\/05\/alumni-timo-auvinen\/","url":"https:\/\/sites.uef.fi\/farmasia50\/2023\/04\/05\/alumni-timo-auvinen\/","name":"Alumni - Timo Auvinen - Farmasiaa Kuopiossa 50 vuotta","isPartOf":{"@id":"https:\/\/sites.uef.fi\/farmasia50\/#website"},"primaryImageOfPage":{"@id":"https:\/\/sites.uef.fi\/farmasia50\/2023\/04\/05\/alumni-timo-auvinen\/#primaryimage"},"image":{"@id":"https:\/\/sites.uef.fi\/farmasia50\/2023\/04\/05\/alumni-timo-auvinen\/#primaryimage"},"thumbnailUrl":"https:\/\/sites.uef.fi\/farmasia50\/wp-content\/uploads\/sites\/394\/2023\/04\/TT_Savon_apteekkariyhdistyksen_lahjoitus_6415--1024x681.jpg","datePublished":"2023-04-05T11:07:48+00:00","dateModified":"2025-05-07T09:28:30+00:00","breadcrumb":{"@id":"https:\/\/sites.uef.fi\/farmasia50\/2023\/04\/05\/alumni-timo-auvinen\/#breadcrumb"},"inLanguage":"fi","potentialAction":[{"@type":"ReadAction","target":["https:\/\/sites.uef.fi\/farmasia50\/2023\/04\/05\/alumni-timo-auvinen\/"]}]},{"@type":"ImageObject","inLanguage":"fi","@id":"https:\/\/sites.uef.fi\/farmasia50\/2023\/04\/05\/alumni-timo-auvinen\/#primaryimage","url":"https:\/\/sites.uef.fi\/farmasia50\/wp-content\/uploads\/sites\/394\/2023\/04\/TT_Savon_apteekkariyhdistyksen_lahjoitus_6415-.jpg","contentUrl":"https:\/\/sites.uef.fi\/farmasia50\/wp-content\/uploads\/sites\/394\/2023\/04\/TT_Savon_apteekkariyhdistyksen_lahjoitus_6415-.jpg","width":2000,"height":1331},{"@type":"BreadcrumbList","@id":"https:\/\/sites.uef.fi\/farmasia50\/2023\/04\/05\/alumni-timo-auvinen\/#breadcrumb","itemListElement":[{"@type":"ListItem","position":1,"name":"Home","item":"https:\/\/sites.uef.fi\/farmasia50\/"},{"@type":"ListItem","position":2,"name":"Alumni &#8211; Timo Auvinen"}]},{"@type":"WebSite","@id":"https:\/\/sites.uef.fi\/farmasia50\/#website","url":"https:\/\/sites.uef.fi\/farmasia50\/","name":"Farmasiaa Kuopiossa 50 vuotta","description":"","publisher":{"@id":"https:\/\/sites.uef.fi\/farmasia50\/#organization"},"potentialAction":[{"@type":"SearchAction","target":{"@type":"EntryPoint","urlTemplate":"https:\/\/sites.uef.fi\/farmasia50\/?s={search_term_string}"},"query-input":{"@type":"PropertyValueSpecification","valueRequired":true,"valueName":"search_term_string"}}],"inLanguage":"fi"},{"@type":"Organization","@id":"https:\/\/sites.uef.fi\/farmasia50\/#organization","name":"Farmasiaa Kuopiossa 50 vuotta","url":"https:\/\/sites.uef.fi\/farmasia50\/","logo":{"@type":"ImageObject","inLanguage":"fi","@id":"https:\/\/sites.uef.fi\/farmasia50\/#\/schema\/logo\/image\/","url":"https:\/\/sites.uef.fi\/farmasia50\/wp-content\/uploads\/sites\/394\/2022\/10\/cropped-UEF_wordpress_white.png","contentUrl":"https:\/\/sites.uef.fi\/farmasia50\/wp-content\/uploads\/sites\/394\/2022\/10\/cropped-UEF_wordpress_white.png","width":250,"height":250,"caption":"Farmasiaa Kuopiossa 50 vuotta"},"image":{"@id":"https:\/\/sites.uef.fi\/farmasia50\/#\/schema\/logo\/image\/"}},{"@type":"Person","@id":"https:\/\/sites.uef.fi\/farmasia50\/#\/schema\/person\/e6139d8f3d7feebfafc7471f9407700c","name":"psiitone","image":{"@type":"ImageObject","inLanguage":"fi","@id":"https:\/\/secure.gravatar.com\/avatar\/9ab7fe800261e41cd9042fe0b542b450290d323ec648a6cc0cd123c59caa2b50?s=96&d=mm&r=g","url":"https:\/\/secure.gravatar.com\/avatar\/9ab7fe800261e41cd9042fe0b542b450290d323ec648a6cc0cd123c59caa2b50?s=96&d=mm&r=g","contentUrl":"https:\/\/secure.gravatar.com\/avatar\/9ab7fe800261e41cd9042fe0b542b450290d323ec648a6cc0cd123c59caa2b50?s=96&d=mm&r=g","caption":"psiitone"},"url":"https:\/\/sites.uef.fi\/farmasia50\/author\/psiitone\/"}]}},"_links":{"self":[{"href":"https:\/\/sites.uef.fi\/farmasia50\/wp-json\/wp\/v2\/posts\/803","targetHints":{"allow":["GET"]}}],"collection":[{"href":"https:\/\/sites.uef.fi\/farmasia50\/wp-json\/wp\/v2\/posts"}],"about":[{"href":"https:\/\/sites.uef.fi\/farmasia50\/wp-json\/wp\/v2\/types\/post"}],"author":[{"embeddable":true,"href":"https:\/\/sites.uef.fi\/farmasia50\/wp-json\/wp\/v2\/users\/447"}],"replies":[{"embeddable":true,"href":"https:\/\/sites.uef.fi\/farmasia50\/wp-json\/wp\/v2\/comments?post=803"}],"version-history":[{"count":1,"href":"https:\/\/sites.uef.fi\/farmasia50\/wp-json\/wp\/v2\/posts\/803\/revisions"}],"predecessor-version":[{"id":878,"href":"https:\/\/sites.uef.fi\/farmasia50\/wp-json\/wp\/v2\/posts\/803\/revisions\/878"}],"wp:attachment":[{"href":"https:\/\/sites.uef.fi\/farmasia50\/wp-json\/wp\/v2\/media?parent=803"}],"wp:term":[{"taxonomy":"category","embeddable":true,"href":"https:\/\/sites.uef.fi\/farmasia50\/wp-json\/wp\/v2\/categories?post=803"},{"taxonomy":"post_tag","embeddable":true,"href":"https:\/\/sites.uef.fi\/farmasia50\/wp-json\/wp\/v2\/tags?post=803"}],"curies":[{"name":"wp","href":"https:\/\/api.w.org\/{rel}","templated":true}]}}