{"id":1268,"date":"2021-11-09T10:45:15","date_gmt":"2021-11-09T08:45:15","guid":{"rendered":"https:\/\/sites.uef.fi\/kuopionylioppilaskuoro\/?p=1268"},"modified":"2021-12-03T16:33:37","modified_gmt":"2021-12-03T14:33:37","slug":"joulun-kanssasi-jaan-joulukonsertti-9-12-2021","status":"publish","type":"post","link":"https:\/\/sites.uef.fi\/kuopionylioppilaskuoro\/2021\/11\/09\/joulun-kanssasi-jaan-joulukonsertti-9-12-2021\/","title":{"rendered":"Joulun kanssasi jaan -joulukonsertti 9.12.2021"},"content":{"rendered":"<p><img loading=\"lazy\" decoding=\"async\" class=\"alignnone size-full wp-image-1271\" src=\"https:\/\/sites.uef.fi\/kuopionylioppilaskuoro\/wp-content\/uploads\/sites\/92\/2021\/11\/Joulun-kanssas-jaan-2.png\" alt=\"\" width=\"1587\" height=\"2245\" srcset=\"https:\/\/sites.uef.fi\/kuopionylioppilaskuoro\/wp-content\/uploads\/sites\/92\/2021\/11\/Joulun-kanssas-jaan-2.png 1587w, https:\/\/sites.uef.fi\/kuopionylioppilaskuoro\/wp-content\/uploads\/sites\/92\/2021\/11\/Joulun-kanssas-jaan-2-212x300.png 212w, https:\/\/sites.uef.fi\/kuopionylioppilaskuoro\/wp-content\/uploads\/sites\/92\/2021\/11\/Joulun-kanssas-jaan-2-724x1024.png 724w, https:\/\/sites.uef.fi\/kuopionylioppilaskuoro\/wp-content\/uploads\/sites\/92\/2021\/11\/Joulun-kanssas-jaan-2-768x1086.png 768w, https:\/\/sites.uef.fi\/kuopionylioppilaskuoro\/wp-content\/uploads\/sites\/92\/2021\/11\/Joulun-kanssas-jaan-2-1086x1536.png 1086w, https:\/\/sites.uef.fi\/kuopionylioppilaskuoro\/wp-content\/uploads\/sites\/92\/2021\/11\/Joulun-kanssas-jaan-2-1448x2048.png 1448w\" sizes=\"auto, (max-width: 1587px) 100vw, 1587px\" \/><\/p>\n<div class=\"o9v6fnle cxmmr5t8 oygrvhab hcukyx3x c1et5uql\">UEF Kuopion ylioppilaskuoron joulukonsertti j\u00e4rjestet\u00e4\u00e4n torstaina 9.12.2021 Kuopion kaupungintalon juhlasalissa. Konsertissa kuullaan niin perinteisempi\u00e4 joululauluja, kuin modernimpiakin suosikkeja.\u2063<br \/>\n\u2063<br \/>\nKuoroa johtaa Richard Nicholls.\u2063<\/div>\n<div><\/div>\n<div class=\"o9v6fnle cxmmr5t8 oygrvhab hcukyx3x c1et5uql\">\u2063Konserttiin on vapaa p\u00e4\u00e4sy, mutta halutessasi voit tukea kuoron toimintaa ostamalla k\u00e4siohjelman ennakkoon kide.app-palvelusta tai paikan p\u00e4\u00e4lt\u00e4. Hinta 10\u20ac (opiskelijat 5\u20ac).\u2063\u2063<br \/>\n\u2063<br \/>\nHuomioithan, ett\u00e4 tapahtumassa on k\u00e4yt\u00f6ss\u00e4 koronapassi. \u2063Yli 16-vuotias vieras, varauduthan n\u00e4ytt\u00e4m\u00e4\u00e4n koronapassisi ja henkil\u00f6llisyystodistuksesi konserttiin tullessa. \u2063Noudatamme terveysviranomaisten yleisi\u00e4 ohjeita ja suosituksia koronatilanteeseen liittyen.\u00a0 Lue lis\u00e4\u00e4 koronapassista kanta.fi -palvelussa: <a href=\"https:\/\/www.kanta.fi\/koronapassi\">https:\/\/www.kanta.fi\/koronapassi<\/a>\u2063<br \/>\n\u2063<br \/>\nMit\u00e4: UEF Kuopion ylioppilaskuoron joulukonsertti\u2063\u2063<br \/>\nMiss\u00e4: Kuopion kaupungintalon juhlasali\u2063<br \/>\nMilloin: 9.12.2021 klo 19\u2063<br \/>\n<a href=\"https:\/\/kide.app\/events\/8ab072e2-871f-4435-a247-7698691d8d58\u2063\">K\u00e4siohjelmat ennakkoon<\/a><\/div>\n<div class=\"o9v6fnle cxmmr5t8 oygrvhab hcukyx3x c1et5uql\">Lis\u00e4\u00e4 tietoa kuorosta:<br \/>\n<a href=\"https:\/\/www.instagram.com\/uef_kuopion_ylioppilaskuoro\/\u2063\">Instagram <\/a><br \/>\n<a href=\"https:\/\/www.youtube.com\/channel\/UCi9vFDfs7imNmQE3oCsen3ght\">Youtube<\/a><\/div>\n<div><a href=\"https:\/\/www.facebook.com\/uefkuoro\">Facebook<\/a><\/div>\n","protected":false},"excerpt":{"rendered":"<p>UEF Kuopion ylioppilaskuoron joulukonsertti j\u00e4rjestet\u00e4\u00e4n torstaina 9.12.2021 Kuopion kaupungintalon juhlasalissa. Konsertissa kuullaan niin perinteisempi\u00e4 joululauluja, kuin modernimpiakin suosikkeja.\u2063 \u2063 Kuoroa johtaa Richard Nicholls.\u2063 \u2063Konserttiin on vapaa p\u00e4\u00e4sy, mutta halutessasi voit tukea kuoron toimintaa ostamalla k\u00e4siohjelman ennakkoon kide.app-palvelusta tai paikan p\u00e4\u00e4lt\u00e4. Hinta 10\u20ac (opiskelijat 5\u20ac).\u2063\u2063 \u2063 Huomioithan, ett\u00e4 tapahtumassa on k\u00e4yt\u00f6ss\u00e4 koronapassi. \u2063Yli 16-vuotias vieras, varauduthan [&hellip;]<\/p>\n","protected":false},"author":190,"featured_media":0,"comment_status":"closed","ping_status":"closed","sticky":false,"template":"","format":"standard","meta":{"_acf_changed":false,"footnotes":""},"categories":[13],"tags":[15,18],"class_list":["post-1268","post","type-post","status-publish","format-standard","hentry","category-uutiset","tag-joulu","tag-joulukonsertti"],"acf":[],"yoast_head":"<!-- This site is optimized with the Yoast SEO plugin v27.3 - https:\/\/yoast.com\/product\/yoast-seo-wordpress\/ -->\n<title>Joulun kanssasi jaan -joulukonsertti 9.12.2021 - UEF Kuopion Ylioppilaskuoro<\/title>\n<meta name=\"robots\" content=\"index, follow, max-snippet:-1, max-image-preview:large, max-video-preview:-1\" \/>\n<link rel=\"canonical\" href=\"https:\/\/sites.uef.fi\/kuopionylioppilaskuoro\/2021\/11\/09\/joulun-kanssasi-jaan-joulukonsertti-9-12-2021\/\" \/>\n<meta property=\"og:locale\" content=\"fi_FI\" \/>\n<meta property=\"og:type\" content=\"article\" \/>\n<meta property=\"og:title\" content=\"Joulun kanssasi jaan -joulukonsertti 9.12.2021 - UEF Kuopion Ylioppilaskuoro\" \/>\n<meta property=\"og:description\" content=\"UEF Kuopion ylioppilaskuoron joulukonsertti j\u00e4rjestet\u00e4\u00e4n torstaina 9.12.2021 Kuopion kaupungintalon juhlasalissa. Konsertissa kuullaan niin perinteisempi\u00e4 joululauluja, kuin modernimpiakin suosikkeja.\u2063 \u2063 Kuoroa johtaa Richard Nicholls.\u2063 \u2063Konserttiin on vapaa p\u00e4\u00e4sy, mutta halutessasi voit tukea kuoron toimintaa ostamalla k\u00e4siohjelman ennakkoon kide.app-palvelusta tai paikan p\u00e4\u00e4lt\u00e4. Hinta 10\u20ac (opiskelijat 5\u20ac).\u2063\u2063 \u2063 Huomioithan, ett\u00e4 tapahtumassa on k\u00e4yt\u00f6ss\u00e4 koronapassi. \u2063Yli 16-vuotias vieras, varauduthan [&hellip;]\" \/>\n<meta property=\"og:url\" content=\"https:\/\/sites.uef.fi\/kuopionylioppilaskuoro\/2021\/11\/09\/joulun-kanssasi-jaan-joulukonsertti-9-12-2021\/\" \/>\n<meta property=\"og:site_name\" content=\"UEF Kuopion Ylioppilaskuoro\" \/>\n<meta property=\"article:published_time\" content=\"2021-11-09T08:45:15+00:00\" \/>\n<meta property=\"article:modified_time\" content=\"2021-12-03T14:33:37+00:00\" \/>\n<meta property=\"og:image\" content=\"https:\/\/sites.uef.fi\/kuopionylioppilaskuoro\/wp-content\/uploads\/sites\/92\/2021\/11\/Joulun-kanssas-jaan-2.png\" \/>\n<meta name=\"author\" content=\"sarales\" \/>\n<meta name=\"twitter:card\" content=\"summary_large_image\" \/>\n<meta name=\"twitter:label1\" content=\"Kirjoittanut\" \/>\n\t<meta name=\"twitter:data1\" content=\"sarales\" \/>\n\t<meta name=\"twitter:label2\" content=\"Arvioitu lukuaika\" \/>\n\t<meta name=\"twitter:data2\" content=\"1 minuutti\" \/>\n<script type=\"application\/ld+json\" class=\"yoast-schema-graph\">{\"@context\":\"https:\\\/\\\/schema.org\",\"@graph\":[{\"@type\":\"Article\",\"@id\":\"https:\\\/\\\/sites.uef.fi\\\/kuopionylioppilaskuoro\\\/2021\\\/11\\\/09\\\/joulun-kanssasi-jaan-joulukonsertti-9-12-2021\\\/#article\",\"isPartOf\":{\"@id\":\"https:\\\/\\\/sites.uef.fi\\\/kuopionylioppilaskuoro\\\/2021\\\/11\\\/09\\\/joulun-kanssasi-jaan-joulukonsertti-9-12-2021\\\/\"},\"author\":{\"name\":\"sarales\",\"@id\":\"https:\\\/\\\/sites.uef.fi\\\/kuopionylioppilaskuoro\\\/#\\\/schema\\\/person\\\/c73f689f85cafcd1d21ab0b8dbd6e259\"},\"headline\":\"Joulun kanssasi jaan -joulukonsertti 9.12.2021\",\"datePublished\":\"2021-11-09T08:45:15+00:00\",\"dateModified\":\"2021-12-03T14:33:37+00:00\",\"mainEntityOfPage\":{\"@id\":\"https:\\\/\\\/sites.uef.fi\\\/kuopionylioppilaskuoro\\\/2021\\\/11\\\/09\\\/joulun-kanssasi-jaan-joulukonsertti-9-12-2021\\\/\"},\"wordCount\":111,\"image\":{\"@id\":\"https:\\\/\\\/sites.uef.fi\\\/kuopionylioppilaskuoro\\\/2021\\\/11\\\/09\\\/joulun-kanssasi-jaan-joulukonsertti-9-12-2021\\\/#primaryimage\"},\"thumbnailUrl\":\"https:\\\/\\\/sites.uef.fi\\\/kuopionylioppilaskuoro\\\/wp-content\\\/uploads\\\/sites\\\/92\\\/2021\\\/11\\\/Joulun-kanssas-jaan-2.png\",\"keywords\":[\"joulu\",\"joulukonsertti\"],\"articleSection\":[\"Uutiset\"],\"inLanguage\":\"fi\"},{\"@type\":\"WebPage\",\"@id\":\"https:\\\/\\\/sites.uef.fi\\\/kuopionylioppilaskuoro\\\/2021\\\/11\\\/09\\\/joulun-kanssasi-jaan-joulukonsertti-9-12-2021\\\/\",\"url\":\"https:\\\/\\\/sites.uef.fi\\\/kuopionylioppilaskuoro\\\/2021\\\/11\\\/09\\\/joulun-kanssasi-jaan-joulukonsertti-9-12-2021\\\/\",\"name\":\"Joulun kanssasi jaan -joulukonsertti 9.12.2021 - UEF Kuopion Ylioppilaskuoro\",\"isPartOf\":{\"@id\":\"https:\\\/\\\/sites.uef.fi\\\/kuopionylioppilaskuoro\\\/#website\"},\"primaryImageOfPage\":{\"@id\":\"https:\\\/\\\/sites.uef.fi\\\/kuopionylioppilaskuoro\\\/2021\\\/11\\\/09\\\/joulun-kanssasi-jaan-joulukonsertti-9-12-2021\\\/#primaryimage\"},\"image\":{\"@id\":\"https:\\\/\\\/sites.uef.fi\\\/kuopionylioppilaskuoro\\\/2021\\\/11\\\/09\\\/joulun-kanssasi-jaan-joulukonsertti-9-12-2021\\\/#primaryimage\"},\"thumbnailUrl\":\"https:\\\/\\\/sites.uef.fi\\\/kuopionylioppilaskuoro\\\/wp-content\\\/uploads\\\/sites\\\/92\\\/2021\\\/11\\\/Joulun-kanssas-jaan-2.png\",\"datePublished\":\"2021-11-09T08:45:15+00:00\",\"dateModified\":\"2021-12-03T14:33:37+00:00\",\"author\":{\"@id\":\"https:\\\/\\\/sites.uef.fi\\\/kuopionylioppilaskuoro\\\/#\\\/schema\\\/person\\\/c73f689f85cafcd1d21ab0b8dbd6e259\"},\"breadcrumb\":{\"@id\":\"https:\\\/\\\/sites.uef.fi\\\/kuopionylioppilaskuoro\\\/2021\\\/11\\\/09\\\/joulun-kanssasi-jaan-joulukonsertti-9-12-2021\\\/#breadcrumb\"},\"inLanguage\":\"fi\",\"potentialAction\":[{\"@type\":\"ReadAction\",\"target\":[\"https:\\\/\\\/sites.uef.fi\\\/kuopionylioppilaskuoro\\\/2021\\\/11\\\/09\\\/joulun-kanssasi-jaan-joulukonsertti-9-12-2021\\\/\"]}]},{\"@type\":\"ImageObject\",\"inLanguage\":\"fi\",\"@id\":\"https:\\\/\\\/sites.uef.fi\\\/kuopionylioppilaskuoro\\\/2021\\\/11\\\/09\\\/joulun-kanssasi-jaan-joulukonsertti-9-12-2021\\\/#primaryimage\",\"url\":\"https:\\\/\\\/sites.uef.fi\\\/kuopionylioppilaskuoro\\\/wp-content\\\/uploads\\\/sites\\\/92\\\/2021\\\/11\\\/Joulun-kanssas-jaan-2.png\",\"contentUrl\":\"https:\\\/\\\/sites.uef.fi\\\/kuopionylioppilaskuoro\\\/wp-content\\\/uploads\\\/sites\\\/92\\\/2021\\\/11\\\/Joulun-kanssas-jaan-2.png\",\"width\":1587,\"height\":2245},{\"@type\":\"BreadcrumbList\",\"@id\":\"https:\\\/\\\/sites.uef.fi\\\/kuopionylioppilaskuoro\\\/2021\\\/11\\\/09\\\/joulun-kanssasi-jaan-joulukonsertti-9-12-2021\\\/#breadcrumb\",\"itemListElement\":[{\"@type\":\"ListItem\",\"position\":1,\"name\":\"Home\",\"item\":\"https:\\\/\\\/sites.uef.fi\\\/kuopionylioppilaskuoro\\\/\"},{\"@type\":\"ListItem\",\"position\":2,\"name\":\"Joulun kanssasi jaan -joulukonsertti 9.12.2021\"}]},{\"@type\":\"WebSite\",\"@id\":\"https:\\\/\\\/sites.uef.fi\\\/kuopionylioppilaskuoro\\\/#website\",\"url\":\"https:\\\/\\\/sites.uef.fi\\\/kuopionylioppilaskuoro\\\/\",\"name\":\"UEF Kuopion Ylioppilaskuoro\",\"description\":\"\",\"potentialAction\":[{\"@type\":\"SearchAction\",\"target\":{\"@type\":\"EntryPoint\",\"urlTemplate\":\"https:\\\/\\\/sites.uef.fi\\\/kuopionylioppilaskuoro\\\/?s={search_term_string}\"},\"query-input\":{\"@type\":\"PropertyValueSpecification\",\"valueRequired\":true,\"valueName\":\"search_term_string\"}}],\"inLanguage\":\"fi\"},{\"@type\":\"Person\",\"@id\":\"https:\\\/\\\/sites.uef.fi\\\/kuopionylioppilaskuoro\\\/#\\\/schema\\\/person\\\/c73f689f85cafcd1d21ab0b8dbd6e259\",\"name\":\"sarales\",\"image\":{\"@type\":\"ImageObject\",\"inLanguage\":\"fi\",\"@id\":\"https:\\\/\\\/secure.gravatar.com\\\/avatar\\\/70db9a42a37b64c5c729602f4d3fede2a667628e61dfea437ee0c557e5656618?s=96&d=mm&r=g\",\"url\":\"https:\\\/\\\/secure.gravatar.com\\\/avatar\\\/70db9a42a37b64c5c729602f4d3fede2a667628e61dfea437ee0c557e5656618?s=96&d=mm&r=g\",\"contentUrl\":\"https:\\\/\\\/secure.gravatar.com\\\/avatar\\\/70db9a42a37b64c5c729602f4d3fede2a667628e61dfea437ee0c557e5656618?s=96&d=mm&r=g\",\"caption\":\"sarales\"},\"url\":\"https:\\\/\\\/sites.uef.fi\\\/kuopionylioppilaskuoro\\\/author\\\/sarales\\\/\"}]}<\/script>\n<!-- \/ Yoast SEO plugin. -->","yoast_head_json":{"title":"Joulun kanssasi jaan -joulukonsertti 9.12.2021 - UEF Kuopion Ylioppilaskuoro","robots":{"index":"index","follow":"follow","max-snippet":"max-snippet:-1","max-image-preview":"max-image-preview:large","max-video-preview":"max-video-preview:-1"},"canonical":"https:\/\/sites.uef.fi\/kuopionylioppilaskuoro\/2021\/11\/09\/joulun-kanssasi-jaan-joulukonsertti-9-12-2021\/","og_locale":"fi_FI","og_type":"article","og_title":"Joulun kanssasi jaan -joulukonsertti 9.12.2021 - UEF Kuopion Ylioppilaskuoro","og_description":"UEF Kuopion ylioppilaskuoron joulukonsertti j\u00e4rjestet\u00e4\u00e4n torstaina 9.12.2021 Kuopion kaupungintalon juhlasalissa. Konsertissa kuullaan niin perinteisempi\u00e4 joululauluja, kuin modernimpiakin suosikkeja.\u2063 \u2063 Kuoroa johtaa Richard Nicholls.\u2063 \u2063Konserttiin on vapaa p\u00e4\u00e4sy, mutta halutessasi voit tukea kuoron toimintaa ostamalla k\u00e4siohjelman ennakkoon kide.app-palvelusta tai paikan p\u00e4\u00e4lt\u00e4. Hinta 10\u20ac (opiskelijat 5\u20ac).\u2063\u2063 \u2063 Huomioithan, ett\u00e4 tapahtumassa on k\u00e4yt\u00f6ss\u00e4 koronapassi. \u2063Yli 16-vuotias vieras, varauduthan [&hellip;]","og_url":"https:\/\/sites.uef.fi\/kuopionylioppilaskuoro\/2021\/11\/09\/joulun-kanssasi-jaan-joulukonsertti-9-12-2021\/","og_site_name":"UEF Kuopion Ylioppilaskuoro","article_published_time":"2021-11-09T08:45:15+00:00","article_modified_time":"2021-12-03T14:33:37+00:00","og_image":[{"url":"https:\/\/sites.uef.fi\/kuopionylioppilaskuoro\/wp-content\/uploads\/sites\/92\/2021\/11\/Joulun-kanssas-jaan-2.png","type":"","width":"","height":""}],"author":"sarales","twitter_card":"summary_large_image","twitter_misc":{"Kirjoittanut":"sarales","Arvioitu lukuaika":"1 minuutti"},"schema":{"@context":"https:\/\/schema.org","@graph":[{"@type":"Article","@id":"https:\/\/sites.uef.fi\/kuopionylioppilaskuoro\/2021\/11\/09\/joulun-kanssasi-jaan-joulukonsertti-9-12-2021\/#article","isPartOf":{"@id":"https:\/\/sites.uef.fi\/kuopionylioppilaskuoro\/2021\/11\/09\/joulun-kanssasi-jaan-joulukonsertti-9-12-2021\/"},"author":{"name":"sarales","@id":"https:\/\/sites.uef.fi\/kuopionylioppilaskuoro\/#\/schema\/person\/c73f689f85cafcd1d21ab0b8dbd6e259"},"headline":"Joulun kanssasi jaan -joulukonsertti 9.12.2021","datePublished":"2021-11-09T08:45:15+00:00","dateModified":"2021-12-03T14:33:37+00:00","mainEntityOfPage":{"@id":"https:\/\/sites.uef.fi\/kuopionylioppilaskuoro\/2021\/11\/09\/joulun-kanssasi-jaan-joulukonsertti-9-12-2021\/"},"wordCount":111,"image":{"@id":"https:\/\/sites.uef.fi\/kuopionylioppilaskuoro\/2021\/11\/09\/joulun-kanssasi-jaan-joulukonsertti-9-12-2021\/#primaryimage"},"thumbnailUrl":"https:\/\/sites.uef.fi\/kuopionylioppilaskuoro\/wp-content\/uploads\/sites\/92\/2021\/11\/Joulun-kanssas-jaan-2.png","keywords":["joulu","joulukonsertti"],"articleSection":["Uutiset"],"inLanguage":"fi"},{"@type":"WebPage","@id":"https:\/\/sites.uef.fi\/kuopionylioppilaskuoro\/2021\/11\/09\/joulun-kanssasi-jaan-joulukonsertti-9-12-2021\/","url":"https:\/\/sites.uef.fi\/kuopionylioppilaskuoro\/2021\/11\/09\/joulun-kanssasi-jaan-joulukonsertti-9-12-2021\/","name":"Joulun kanssasi jaan -joulukonsertti 9.12.2021 - UEF Kuopion Ylioppilaskuoro","isPartOf":{"@id":"https:\/\/sites.uef.fi\/kuopionylioppilaskuoro\/#website"},"primaryImageOfPage":{"@id":"https:\/\/sites.uef.fi\/kuopionylioppilaskuoro\/2021\/11\/09\/joulun-kanssasi-jaan-joulukonsertti-9-12-2021\/#primaryimage"},"image":{"@id":"https:\/\/sites.uef.fi\/kuopionylioppilaskuoro\/2021\/11\/09\/joulun-kanssasi-jaan-joulukonsertti-9-12-2021\/#primaryimage"},"thumbnailUrl":"https:\/\/sites.uef.fi\/kuopionylioppilaskuoro\/wp-content\/uploads\/sites\/92\/2021\/11\/Joulun-kanssas-jaan-2.png","datePublished":"2021-11-09T08:45:15+00:00","dateModified":"2021-12-03T14:33:37+00:00","author":{"@id":"https:\/\/sites.uef.fi\/kuopionylioppilaskuoro\/#\/schema\/person\/c73f689f85cafcd1d21ab0b8dbd6e259"},"breadcrumb":{"@id":"https:\/\/sites.uef.fi\/kuopionylioppilaskuoro\/2021\/11\/09\/joulun-kanssasi-jaan-joulukonsertti-9-12-2021\/#breadcrumb"},"inLanguage":"fi","potentialAction":[{"@type":"ReadAction","target":["https:\/\/sites.uef.fi\/kuopionylioppilaskuoro\/2021\/11\/09\/joulun-kanssasi-jaan-joulukonsertti-9-12-2021\/"]}]},{"@type":"ImageObject","inLanguage":"fi","@id":"https:\/\/sites.uef.fi\/kuopionylioppilaskuoro\/2021\/11\/09\/joulun-kanssasi-jaan-joulukonsertti-9-12-2021\/#primaryimage","url":"https:\/\/sites.uef.fi\/kuopionylioppilaskuoro\/wp-content\/uploads\/sites\/92\/2021\/11\/Joulun-kanssas-jaan-2.png","contentUrl":"https:\/\/sites.uef.fi\/kuopionylioppilaskuoro\/wp-content\/uploads\/sites\/92\/2021\/11\/Joulun-kanssas-jaan-2.png","width":1587,"height":2245},{"@type":"BreadcrumbList","@id":"https:\/\/sites.uef.fi\/kuopionylioppilaskuoro\/2021\/11\/09\/joulun-kanssasi-jaan-joulukonsertti-9-12-2021\/#breadcrumb","itemListElement":[{"@type":"ListItem","position":1,"name":"Home","item":"https:\/\/sites.uef.fi\/kuopionylioppilaskuoro\/"},{"@type":"ListItem","position":2,"name":"Joulun kanssasi jaan -joulukonsertti 9.12.2021"}]},{"@type":"WebSite","@id":"https:\/\/sites.uef.fi\/kuopionylioppilaskuoro\/#website","url":"https:\/\/sites.uef.fi\/kuopionylioppilaskuoro\/","name":"UEF Kuopion Ylioppilaskuoro","description":"","potentialAction":[{"@type":"SearchAction","target":{"@type":"EntryPoint","urlTemplate":"https:\/\/sites.uef.fi\/kuopionylioppilaskuoro\/?s={search_term_string}"},"query-input":{"@type":"PropertyValueSpecification","valueRequired":true,"valueName":"search_term_string"}}],"inLanguage":"fi"},{"@type":"Person","@id":"https:\/\/sites.uef.fi\/kuopionylioppilaskuoro\/#\/schema\/person\/c73f689f85cafcd1d21ab0b8dbd6e259","name":"sarales","image":{"@type":"ImageObject","inLanguage":"fi","@id":"https:\/\/secure.gravatar.com\/avatar\/70db9a42a37b64c5c729602f4d3fede2a667628e61dfea437ee0c557e5656618?s=96&d=mm&r=g","url":"https:\/\/secure.gravatar.com\/avatar\/70db9a42a37b64c5c729602f4d3fede2a667628e61dfea437ee0c557e5656618?s=96&d=mm&r=g","contentUrl":"https:\/\/secure.gravatar.com\/avatar\/70db9a42a37b64c5c729602f4d3fede2a667628e61dfea437ee0c557e5656618?s=96&d=mm&r=g","caption":"sarales"},"url":"https:\/\/sites.uef.fi\/kuopionylioppilaskuoro\/author\/sarales\/"}]}},"_links":{"self":[{"href":"https:\/\/sites.uef.fi\/kuopionylioppilaskuoro\/wp-json\/wp\/v2\/posts\/1268","targetHints":{"allow":["GET"]}}],"collection":[{"href":"https:\/\/sites.uef.fi\/kuopionylioppilaskuoro\/wp-json\/wp\/v2\/posts"}],"about":[{"href":"https:\/\/sites.uef.fi\/kuopionylioppilaskuoro\/wp-json\/wp\/v2\/types\/post"}],"author":[{"embeddable":true,"href":"https:\/\/sites.uef.fi\/kuopionylioppilaskuoro\/wp-json\/wp\/v2\/users\/190"}],"replies":[{"embeddable":true,"href":"https:\/\/sites.uef.fi\/kuopionylioppilaskuoro\/wp-json\/wp\/v2\/comments?post=1268"}],"version-history":[{"count":3,"href":"https:\/\/sites.uef.fi\/kuopionylioppilaskuoro\/wp-json\/wp\/v2\/posts\/1268\/revisions"}],"predecessor-version":[{"id":1368,"href":"https:\/\/sites.uef.fi\/kuopionylioppilaskuoro\/wp-json\/wp\/v2\/posts\/1268\/revisions\/1368"}],"wp:attachment":[{"href":"https:\/\/sites.uef.fi\/kuopionylioppilaskuoro\/wp-json\/wp\/v2\/media?parent=1268"}],"wp:term":[{"taxonomy":"category","embeddable":true,"href":"https:\/\/sites.uef.fi\/kuopionylioppilaskuoro\/wp-json\/wp\/v2\/categories?post=1268"},{"taxonomy":"post_tag","embeddable":true,"href":"https:\/\/sites.uef.fi\/kuopionylioppilaskuoro\/wp-json\/wp\/v2\/tags?post=1268"}],"curies":[{"name":"wp","href":"https:\/\/api.w.org\/{rel}","templated":true}]}}