{"id":1330,"date":"2021-11-22T16:01:00","date_gmt":"2021-11-22T14:01:00","guid":{"rendered":"https:\/\/sites.uef.fi\/kuopionylioppilaskuoro\/?p=1330"},"modified":"2023-02-07T13:52:01","modified_gmt":"2023-02-07T11:52:01","slug":"syyskokouksessa-valittiin-hallitus-vuodelle-2022","status":"publish","type":"post","link":"https:\/\/sites.uef.fi\/kuopionylioppilaskuoro\/2021\/11\/22\/syyskokouksessa-valittiin-hallitus-vuodelle-2022\/","title":{"rendered":"Syyskokouksessa valittiin hallitus vuodelle 2022"},"content":{"rendered":"<h2>Kuoron s\u00e4\u00e4nt\u00f6m\u00e4\u00e4r\u00e4inen syyskokous pidettiin 16.11.2021<\/h2>\n<p>Kokouksessa vahvistettiin talousarvio, toimintasuunnitelma ja j\u00e4senmaksu vuodelle 2022.<\/p>\n<p>Lis\u00e4ksi kokouksessa valittiin tulevan vuoden puheenjohtaja sek\u00e4 hallituksen j\u00e4senet. Hallituksen puheenjohtajaksi valittiin\u00a0Heta Orava.\u00a0 Hallituksen j\u00e4seniksi valittiin\u00a0Pinja\u00a0Mertano,\u00a0Pilvi Puhkala,\u00a0Marja Juutilainen, Venla Tiilikainen\u00a0ja\u00a0Noora\u00a0Konga.\u00a0 Hallituksen varaj\u00e4seniksi valittiin Maria Rissanen (1. varaj\u00e4sen) ja\u00a0Henna Pitk\u00e4nen (2. varaj\u00e4sen).<\/p>\n<p>Onnea kaikille valituille!<\/p>\n","protected":false},"excerpt":{"rendered":"<p>Kuoron s\u00e4\u00e4nt\u00f6m\u00e4\u00e4r\u00e4inen syyskokous pidettiin 16.11.2021 Kokouksessa vahvistettiin talousarvio, toimintasuunnitelma ja j\u00e4senmaksu vuodelle 2022. Lis\u00e4ksi kokouksessa valittiin tulevan vuoden puheenjohtaja sek\u00e4 hallituksen j\u00e4senet. Hallituksen puheenjohtajaksi valittiin\u00a0Heta Orava.\u00a0 Hallituksen j\u00e4seniksi valittiin\u00a0Pinja\u00a0Mertano,\u00a0Pilvi Puhkala,\u00a0Marja Juutilainen, Venla Tiilikainen\u00a0ja\u00a0Noora\u00a0Konga.\u00a0 Hallituksen varaj\u00e4seniksi valittiin Maria Rissanen (1. varaj\u00e4sen) ja\u00a0Henna Pitk\u00e4nen (2. varaj\u00e4sen). Onnea kaikille valituille!<\/p>\n","protected":false},"author":190,"featured_media":0,"comment_status":"closed","ping_status":"closed","sticky":false,"template":"","format":"standard","meta":{"_acf_changed":false,"footnotes":""},"categories":[1,13],"tags":[],"class_list":["post-1330","post","type-post","status-publish","format-standard","hentry","category-uncategorized-fi","category-uutiset"],"acf":[],"yoast_head":"<!-- This site is optimized with the Yoast SEO plugin v27.3 - https:\/\/yoast.com\/product\/yoast-seo-wordpress\/ -->\n<title>Syyskokouksessa valittiin hallitus vuodelle 2022 - UEF Kuopion Ylioppilaskuoro<\/title>\n<meta name=\"robots\" content=\"index, follow, max-snippet:-1, max-image-preview:large, max-video-preview:-1\" \/>\n<link rel=\"canonical\" href=\"https:\/\/sites.uef.fi\/kuopionylioppilaskuoro\/2021\/11\/22\/syyskokouksessa-valittiin-hallitus-vuodelle-2022\/\" \/>\n<meta property=\"og:locale\" content=\"fi_FI\" \/>\n<meta property=\"og:type\" content=\"article\" \/>\n<meta property=\"og:title\" content=\"Syyskokouksessa valittiin hallitus vuodelle 2022 - UEF Kuopion Ylioppilaskuoro\" \/>\n<meta property=\"og:description\" content=\"Kuoron s\u00e4\u00e4nt\u00f6m\u00e4\u00e4r\u00e4inen syyskokous pidettiin 16.11.2021 Kokouksessa vahvistettiin talousarvio, toimintasuunnitelma ja j\u00e4senmaksu vuodelle 2022. Lis\u00e4ksi kokouksessa valittiin tulevan vuoden puheenjohtaja sek\u00e4 hallituksen j\u00e4senet. Hallituksen puheenjohtajaksi valittiin\u00a0Heta Orava.\u00a0 Hallituksen j\u00e4seniksi valittiin\u00a0Pinja\u00a0Mertano,\u00a0Pilvi Puhkala,\u00a0Marja Juutilainen, Venla Tiilikainen\u00a0ja\u00a0Noora\u00a0Konga.\u00a0 Hallituksen varaj\u00e4seniksi valittiin Maria Rissanen (1. varaj\u00e4sen) ja\u00a0Henna Pitk\u00e4nen (2. varaj\u00e4sen). Onnea kaikille valituille!\" \/>\n<meta property=\"og:url\" content=\"https:\/\/sites.uef.fi\/kuopionylioppilaskuoro\/2021\/11\/22\/syyskokouksessa-valittiin-hallitus-vuodelle-2022\/\" \/>\n<meta property=\"og:site_name\" content=\"UEF Kuopion Ylioppilaskuoro\" \/>\n<meta property=\"article:published_time\" content=\"2021-11-22T14:01:00+00:00\" \/>\n<meta property=\"article:modified_time\" content=\"2023-02-07T11:52:01+00:00\" \/>\n<meta name=\"author\" content=\"sarales\" \/>\n<meta name=\"twitter:card\" content=\"summary_large_image\" \/>\n<meta name=\"twitter:label1\" content=\"Kirjoittanut\" \/>\n\t<meta name=\"twitter:data1\" content=\"sarales\" \/>\n<script type=\"application\/ld+json\" class=\"yoast-schema-graph\">{\"@context\":\"https:\\\/\\\/schema.org\",\"@graph\":[{\"@type\":\"Article\",\"@id\":\"https:\\\/\\\/sites.uef.fi\\\/kuopionylioppilaskuoro\\\/2021\\\/11\\\/22\\\/syyskokouksessa-valittiin-hallitus-vuodelle-2022\\\/#article\",\"isPartOf\":{\"@id\":\"https:\\\/\\\/sites.uef.fi\\\/kuopionylioppilaskuoro\\\/2021\\\/11\\\/22\\\/syyskokouksessa-valittiin-hallitus-vuodelle-2022\\\/\"},\"author\":{\"name\":\"sarales\",\"@id\":\"https:\\\/\\\/sites.uef.fi\\\/kuopionylioppilaskuoro\\\/#\\\/schema\\\/person\\\/c73f689f85cafcd1d21ab0b8dbd6e259\"},\"headline\":\"Syyskokouksessa valittiin hallitus vuodelle 2022\",\"datePublished\":\"2021-11-22T14:01:00+00:00\",\"dateModified\":\"2023-02-07T11:52:01+00:00\",\"mainEntityOfPage\":{\"@id\":\"https:\\\/\\\/sites.uef.fi\\\/kuopionylioppilaskuoro\\\/2021\\\/11\\\/22\\\/syyskokouksessa-valittiin-hallitus-vuodelle-2022\\\/\"},\"wordCount\":68,\"articleSection\":[\"Uncategorized @fi\",\"Uutiset\"],\"inLanguage\":\"fi\"},{\"@type\":\"WebPage\",\"@id\":\"https:\\\/\\\/sites.uef.fi\\\/kuopionylioppilaskuoro\\\/2021\\\/11\\\/22\\\/syyskokouksessa-valittiin-hallitus-vuodelle-2022\\\/\",\"url\":\"https:\\\/\\\/sites.uef.fi\\\/kuopionylioppilaskuoro\\\/2021\\\/11\\\/22\\\/syyskokouksessa-valittiin-hallitus-vuodelle-2022\\\/\",\"name\":\"Syyskokouksessa valittiin hallitus vuodelle 2022 - UEF Kuopion Ylioppilaskuoro\",\"isPartOf\":{\"@id\":\"https:\\\/\\\/sites.uef.fi\\\/kuopionylioppilaskuoro\\\/#website\"},\"datePublished\":\"2021-11-22T14:01:00+00:00\",\"dateModified\":\"2023-02-07T11:52:01+00:00\",\"author\":{\"@id\":\"https:\\\/\\\/sites.uef.fi\\\/kuopionylioppilaskuoro\\\/#\\\/schema\\\/person\\\/c73f689f85cafcd1d21ab0b8dbd6e259\"},\"breadcrumb\":{\"@id\":\"https:\\\/\\\/sites.uef.fi\\\/kuopionylioppilaskuoro\\\/2021\\\/11\\\/22\\\/syyskokouksessa-valittiin-hallitus-vuodelle-2022\\\/#breadcrumb\"},\"inLanguage\":\"fi\",\"potentialAction\":[{\"@type\":\"ReadAction\",\"target\":[\"https:\\\/\\\/sites.uef.fi\\\/kuopionylioppilaskuoro\\\/2021\\\/11\\\/22\\\/syyskokouksessa-valittiin-hallitus-vuodelle-2022\\\/\"]}]},{\"@type\":\"BreadcrumbList\",\"@id\":\"https:\\\/\\\/sites.uef.fi\\\/kuopionylioppilaskuoro\\\/2021\\\/11\\\/22\\\/syyskokouksessa-valittiin-hallitus-vuodelle-2022\\\/#breadcrumb\",\"itemListElement\":[{\"@type\":\"ListItem\",\"position\":1,\"name\":\"Home\",\"item\":\"https:\\\/\\\/sites.uef.fi\\\/kuopionylioppilaskuoro\\\/\"},{\"@type\":\"ListItem\",\"position\":2,\"name\":\"Syyskokouksessa valittiin hallitus vuodelle 2022\"}]},{\"@type\":\"WebSite\",\"@id\":\"https:\\\/\\\/sites.uef.fi\\\/kuopionylioppilaskuoro\\\/#website\",\"url\":\"https:\\\/\\\/sites.uef.fi\\\/kuopionylioppilaskuoro\\\/\",\"name\":\"UEF Kuopion Ylioppilaskuoro\",\"description\":\"\",\"potentialAction\":[{\"@type\":\"SearchAction\",\"target\":{\"@type\":\"EntryPoint\",\"urlTemplate\":\"https:\\\/\\\/sites.uef.fi\\\/kuopionylioppilaskuoro\\\/?s={search_term_string}\"},\"query-input\":{\"@type\":\"PropertyValueSpecification\",\"valueRequired\":true,\"valueName\":\"search_term_string\"}}],\"inLanguage\":\"fi\"},{\"@type\":\"Person\",\"@id\":\"https:\\\/\\\/sites.uef.fi\\\/kuopionylioppilaskuoro\\\/#\\\/schema\\\/person\\\/c73f689f85cafcd1d21ab0b8dbd6e259\",\"name\":\"sarales\",\"image\":{\"@type\":\"ImageObject\",\"inLanguage\":\"fi\",\"@id\":\"https:\\\/\\\/secure.gravatar.com\\\/avatar\\\/70db9a42a37b64c5c729602f4d3fede2a667628e61dfea437ee0c557e5656618?s=96&d=mm&r=g\",\"url\":\"https:\\\/\\\/secure.gravatar.com\\\/avatar\\\/70db9a42a37b64c5c729602f4d3fede2a667628e61dfea437ee0c557e5656618?s=96&d=mm&r=g\",\"contentUrl\":\"https:\\\/\\\/secure.gravatar.com\\\/avatar\\\/70db9a42a37b64c5c729602f4d3fede2a667628e61dfea437ee0c557e5656618?s=96&d=mm&r=g\",\"caption\":\"sarales\"},\"url\":\"https:\\\/\\\/sites.uef.fi\\\/kuopionylioppilaskuoro\\\/author\\\/sarales\\\/\"}]}<\/script>\n<!-- \/ Yoast SEO plugin. -->","yoast_head_json":{"title":"Syyskokouksessa valittiin hallitus vuodelle 2022 - UEF Kuopion Ylioppilaskuoro","robots":{"index":"index","follow":"follow","max-snippet":"max-snippet:-1","max-image-preview":"max-image-preview:large","max-video-preview":"max-video-preview:-1"},"canonical":"https:\/\/sites.uef.fi\/kuopionylioppilaskuoro\/2021\/11\/22\/syyskokouksessa-valittiin-hallitus-vuodelle-2022\/","og_locale":"fi_FI","og_type":"article","og_title":"Syyskokouksessa valittiin hallitus vuodelle 2022 - UEF Kuopion Ylioppilaskuoro","og_description":"Kuoron s\u00e4\u00e4nt\u00f6m\u00e4\u00e4r\u00e4inen syyskokous pidettiin 16.11.2021 Kokouksessa vahvistettiin talousarvio, toimintasuunnitelma ja j\u00e4senmaksu vuodelle 2022. Lis\u00e4ksi kokouksessa valittiin tulevan vuoden puheenjohtaja sek\u00e4 hallituksen j\u00e4senet. Hallituksen puheenjohtajaksi valittiin\u00a0Heta Orava.\u00a0 Hallituksen j\u00e4seniksi valittiin\u00a0Pinja\u00a0Mertano,\u00a0Pilvi Puhkala,\u00a0Marja Juutilainen, Venla Tiilikainen\u00a0ja\u00a0Noora\u00a0Konga.\u00a0 Hallituksen varaj\u00e4seniksi valittiin Maria Rissanen (1. varaj\u00e4sen) ja\u00a0Henna Pitk\u00e4nen (2. varaj\u00e4sen). Onnea kaikille valituille!","og_url":"https:\/\/sites.uef.fi\/kuopionylioppilaskuoro\/2021\/11\/22\/syyskokouksessa-valittiin-hallitus-vuodelle-2022\/","og_site_name":"UEF Kuopion Ylioppilaskuoro","article_published_time":"2021-11-22T14:01:00+00:00","article_modified_time":"2023-02-07T11:52:01+00:00","author":"sarales","twitter_card":"summary_large_image","twitter_misc":{"Kirjoittanut":"sarales"},"schema":{"@context":"https:\/\/schema.org","@graph":[{"@type":"Article","@id":"https:\/\/sites.uef.fi\/kuopionylioppilaskuoro\/2021\/11\/22\/syyskokouksessa-valittiin-hallitus-vuodelle-2022\/#article","isPartOf":{"@id":"https:\/\/sites.uef.fi\/kuopionylioppilaskuoro\/2021\/11\/22\/syyskokouksessa-valittiin-hallitus-vuodelle-2022\/"},"author":{"name":"sarales","@id":"https:\/\/sites.uef.fi\/kuopionylioppilaskuoro\/#\/schema\/person\/c73f689f85cafcd1d21ab0b8dbd6e259"},"headline":"Syyskokouksessa valittiin hallitus vuodelle 2022","datePublished":"2021-11-22T14:01:00+00:00","dateModified":"2023-02-07T11:52:01+00:00","mainEntityOfPage":{"@id":"https:\/\/sites.uef.fi\/kuopionylioppilaskuoro\/2021\/11\/22\/syyskokouksessa-valittiin-hallitus-vuodelle-2022\/"},"wordCount":68,"articleSection":["Uncategorized @fi","Uutiset"],"inLanguage":"fi"},{"@type":"WebPage","@id":"https:\/\/sites.uef.fi\/kuopionylioppilaskuoro\/2021\/11\/22\/syyskokouksessa-valittiin-hallitus-vuodelle-2022\/","url":"https:\/\/sites.uef.fi\/kuopionylioppilaskuoro\/2021\/11\/22\/syyskokouksessa-valittiin-hallitus-vuodelle-2022\/","name":"Syyskokouksessa valittiin hallitus vuodelle 2022 - UEF Kuopion Ylioppilaskuoro","isPartOf":{"@id":"https:\/\/sites.uef.fi\/kuopionylioppilaskuoro\/#website"},"datePublished":"2021-11-22T14:01:00+00:00","dateModified":"2023-02-07T11:52:01+00:00","author":{"@id":"https:\/\/sites.uef.fi\/kuopionylioppilaskuoro\/#\/schema\/person\/c73f689f85cafcd1d21ab0b8dbd6e259"},"breadcrumb":{"@id":"https:\/\/sites.uef.fi\/kuopionylioppilaskuoro\/2021\/11\/22\/syyskokouksessa-valittiin-hallitus-vuodelle-2022\/#breadcrumb"},"inLanguage":"fi","potentialAction":[{"@type":"ReadAction","target":["https:\/\/sites.uef.fi\/kuopionylioppilaskuoro\/2021\/11\/22\/syyskokouksessa-valittiin-hallitus-vuodelle-2022\/"]}]},{"@type":"BreadcrumbList","@id":"https:\/\/sites.uef.fi\/kuopionylioppilaskuoro\/2021\/11\/22\/syyskokouksessa-valittiin-hallitus-vuodelle-2022\/#breadcrumb","itemListElement":[{"@type":"ListItem","position":1,"name":"Home","item":"https:\/\/sites.uef.fi\/kuopionylioppilaskuoro\/"},{"@type":"ListItem","position":2,"name":"Syyskokouksessa valittiin hallitus vuodelle 2022"}]},{"@type":"WebSite","@id":"https:\/\/sites.uef.fi\/kuopionylioppilaskuoro\/#website","url":"https:\/\/sites.uef.fi\/kuopionylioppilaskuoro\/","name":"UEF Kuopion Ylioppilaskuoro","description":"","potentialAction":[{"@type":"SearchAction","target":{"@type":"EntryPoint","urlTemplate":"https:\/\/sites.uef.fi\/kuopionylioppilaskuoro\/?s={search_term_string}"},"query-input":{"@type":"PropertyValueSpecification","valueRequired":true,"valueName":"search_term_string"}}],"inLanguage":"fi"},{"@type":"Person","@id":"https:\/\/sites.uef.fi\/kuopionylioppilaskuoro\/#\/schema\/person\/c73f689f85cafcd1d21ab0b8dbd6e259","name":"sarales","image":{"@type":"ImageObject","inLanguage":"fi","@id":"https:\/\/secure.gravatar.com\/avatar\/70db9a42a37b64c5c729602f4d3fede2a667628e61dfea437ee0c557e5656618?s=96&d=mm&r=g","url":"https:\/\/secure.gravatar.com\/avatar\/70db9a42a37b64c5c729602f4d3fede2a667628e61dfea437ee0c557e5656618?s=96&d=mm&r=g","contentUrl":"https:\/\/secure.gravatar.com\/avatar\/70db9a42a37b64c5c729602f4d3fede2a667628e61dfea437ee0c557e5656618?s=96&d=mm&r=g","caption":"sarales"},"url":"https:\/\/sites.uef.fi\/kuopionylioppilaskuoro\/author\/sarales\/"}]}},"_links":{"self":[{"href":"https:\/\/sites.uef.fi\/kuopionylioppilaskuoro\/wp-json\/wp\/v2\/posts\/1330","targetHints":{"allow":["GET"]}}],"collection":[{"href":"https:\/\/sites.uef.fi\/kuopionylioppilaskuoro\/wp-json\/wp\/v2\/posts"}],"about":[{"href":"https:\/\/sites.uef.fi\/kuopionylioppilaskuoro\/wp-json\/wp\/v2\/types\/post"}],"author":[{"embeddable":true,"href":"https:\/\/sites.uef.fi\/kuopionylioppilaskuoro\/wp-json\/wp\/v2\/users\/190"}],"replies":[{"embeddable":true,"href":"https:\/\/sites.uef.fi\/kuopionylioppilaskuoro\/wp-json\/wp\/v2\/comments?post=1330"}],"version-history":[{"count":2,"href":"https:\/\/sites.uef.fi\/kuopionylioppilaskuoro\/wp-json\/wp\/v2\/posts\/1330\/revisions"}],"predecessor-version":[{"id":1336,"href":"https:\/\/sites.uef.fi\/kuopionylioppilaskuoro\/wp-json\/wp\/v2\/posts\/1330\/revisions\/1336"}],"wp:attachment":[{"href":"https:\/\/sites.uef.fi\/kuopionylioppilaskuoro\/wp-json\/wp\/v2\/media?parent=1330"}],"wp:term":[{"taxonomy":"category","embeddable":true,"href":"https:\/\/sites.uef.fi\/kuopionylioppilaskuoro\/wp-json\/wp\/v2\/categories?post=1330"},{"taxonomy":"post_tag","embeddable":true,"href":"https:\/\/sites.uef.fi\/kuopionylioppilaskuoro\/wp-json\/wp\/v2\/tags?post=1330"}],"curies":[{"name":"wp","href":"https:\/\/api.w.org\/{rel}","templated":true}]}}