{"id":385,"date":"2020-08-14T10:19:27","date_gmt":"2020-08-14T07:19:27","guid":{"rendered":"https:\/\/sites.uef.fi\/kuopionylioppilaskuoro\/?p=385"},"modified":"2020-08-14T14:37:39","modified_gmt":"2020-08-14T11:37:39","slug":"finlandia-nauhoitus-etana","status":"publish","type":"post","link":"https:\/\/sites.uef.fi\/kuopionylioppilaskuoro\/2020\/08\/14\/finlandia-nauhoitus-etana\/","title":{"rendered":"Finlandia-nauhoitus et\u00e4n\u00e4"},"content":{"rendered":"<h1>Finlandia-hymni et\u00e4n\u00e4<\/h1>\n<p>UEF Kuopion ylioppilaskuoron harjoitukset ovat tauolla, mutta toiminta jatkuu et\u00e4n\u00e4. Kuoronjohtajan ohjauksella kuorolaiset \u00e4\u00e4nittiv\u00e4t jokainen oman osansa Finlandia-hymnist\u00e4 kotioloissa kev\u00e4\u00e4ll\u00e4, joista kuoronjohtaja loihti valmiin teoksen.<\/p>\n<p>T\u00e4ss\u00e4 teille siis kuultavaksi kev\u00e4\u00e4ll\u00e4 julkaistu Finlandia-hymni UEF Kuopion ylioppilaskuoron esitt\u00e4m\u00e4n\u00e4 (videon kesto 1:56).<\/p>\n<p><iframe loading=\"lazy\" title=\"Finlandia | UEF Kuopion ylioppilaskuoro\" width=\"500\" height=\"281\" src=\"https:\/\/www.youtube.com\/embed\/iiJK0eJKkPc?feature=oembed\" frameborder=\"0\" allow=\"accelerometer; autoplay; clipboard-write; encrypted-media; gyroscope; picture-in-picture; web-share\" referrerpolicy=\"strict-origin-when-cross-origin\" allowfullscreen><\/iframe><\/p>\n<p>UEF Kuopion ylioppilaskuoro<span class=\"text_exposed_show\"><br \/>\nFinlandia-hymni<br \/>\nS\u00e4v.: J. Sibelius<br \/>\nSan.: V. A. Koskenniemi<br \/>\n\u00c4\u00e4nitys: kuorolaiset<br \/>\n\u00c4\u00e4nen miksaus: kuoronjohtaja Richard Nicholls<\/span><\/p>\n","protected":false},"excerpt":{"rendered":"<p>Finlandia-hymni et\u00e4n\u00e4 UEF Kuopion ylioppilaskuoron harjoitukset ovat tauolla, mutta toiminta jatkuu et\u00e4n\u00e4. Kuoronjohtajan ohjauksella kuorolaiset \u00e4\u00e4nittiv\u00e4t jokainen oman osansa Finlandia-hymnist\u00e4 kotioloissa kev\u00e4\u00e4ll\u00e4, joista kuoronjohtaja loihti valmiin teoksen. T\u00e4ss\u00e4 teille siis kuultavaksi kev\u00e4\u00e4ll\u00e4 julkaistu Finlandia-hymni UEF Kuopion ylioppilaskuoron esitt\u00e4m\u00e4n\u00e4 (videon kesto 1:56). UEF Kuopion ylioppilaskuoro Finlandia-hymni S\u00e4v.: J. Sibelius San.: V. A. Koskenniemi \u00c4\u00e4nitys: kuorolaiset \u00c4\u00e4nen [&hellip;]<\/p>\n","protected":false},"author":190,"featured_media":0,"comment_status":"open","ping_status":"closed","sticky":false,"template":"","format":"standard","meta":{"_acf_changed":false,"footnotes":""},"categories":[13],"tags":[],"class_list":["post-385","post","type-post","status-publish","format-standard","hentry","category-uutiset"],"acf":[],"yoast_head":"<!-- This site is optimized with the Yoast SEO plugin v27.3 - https:\/\/yoast.com\/product\/yoast-seo-wordpress\/ -->\n<title>Finlandia-nauhoitus et\u00e4n\u00e4 - UEF Kuopion Ylioppilaskuoro<\/title>\n<meta name=\"robots\" content=\"index, follow, max-snippet:-1, max-image-preview:large, max-video-preview:-1\" \/>\n<link rel=\"canonical\" href=\"https:\/\/sites.uef.fi\/kuopionylioppilaskuoro\/2020\/08\/14\/finlandia-nauhoitus-etana\/\" \/>\n<meta property=\"og:locale\" content=\"fi_FI\" \/>\n<meta property=\"og:type\" content=\"article\" \/>\n<meta property=\"og:title\" content=\"Finlandia-nauhoitus et\u00e4n\u00e4 - UEF Kuopion Ylioppilaskuoro\" \/>\n<meta property=\"og:description\" content=\"Finlandia-hymni et\u00e4n\u00e4 UEF Kuopion ylioppilaskuoron harjoitukset ovat tauolla, mutta toiminta jatkuu et\u00e4n\u00e4. Kuoronjohtajan ohjauksella kuorolaiset \u00e4\u00e4nittiv\u00e4t jokainen oman osansa Finlandia-hymnist\u00e4 kotioloissa kev\u00e4\u00e4ll\u00e4, joista kuoronjohtaja loihti valmiin teoksen. T\u00e4ss\u00e4 teille siis kuultavaksi kev\u00e4\u00e4ll\u00e4 julkaistu Finlandia-hymni UEF Kuopion ylioppilaskuoron esitt\u00e4m\u00e4n\u00e4 (videon kesto 1:56). UEF Kuopion ylioppilaskuoro Finlandia-hymni S\u00e4v.: J. Sibelius San.: V. A. Koskenniemi \u00c4\u00e4nitys: kuorolaiset \u00c4\u00e4nen [&hellip;]\" \/>\n<meta property=\"og:url\" content=\"https:\/\/sites.uef.fi\/kuopionylioppilaskuoro\/2020\/08\/14\/finlandia-nauhoitus-etana\/\" \/>\n<meta property=\"og:site_name\" content=\"UEF Kuopion Ylioppilaskuoro\" \/>\n<meta property=\"article:published_time\" content=\"2020-08-14T07:19:27+00:00\" \/>\n<meta property=\"article:modified_time\" content=\"2020-08-14T11:37:39+00:00\" \/>\n<meta name=\"author\" content=\"sarales\" \/>\n<meta name=\"twitter:card\" content=\"summary_large_image\" \/>\n<meta name=\"twitter:label1\" content=\"Kirjoittanut\" \/>\n\t<meta name=\"twitter:data1\" content=\"sarales\" \/>\n<script type=\"application\/ld+json\" class=\"yoast-schema-graph\">{\"@context\":\"https:\\\/\\\/schema.org\",\"@graph\":[{\"@type\":\"Article\",\"@id\":\"https:\\\/\\\/sites.uef.fi\\\/kuopionylioppilaskuoro\\\/2020\\\/08\\\/14\\\/finlandia-nauhoitus-etana\\\/#article\",\"isPartOf\":{\"@id\":\"https:\\\/\\\/sites.uef.fi\\\/kuopionylioppilaskuoro\\\/2020\\\/08\\\/14\\\/finlandia-nauhoitus-etana\\\/\"},\"author\":{\"name\":\"sarales\",\"@id\":\"https:\\\/\\\/sites.uef.fi\\\/kuopionylioppilaskuoro\\\/#\\\/schema\\\/person\\\/c73f689f85cafcd1d21ab0b8dbd6e259\"},\"headline\":\"Finlandia-nauhoitus et\u00e4n\u00e4\",\"datePublished\":\"2020-08-14T07:19:27+00:00\",\"dateModified\":\"2020-08-14T11:37:39+00:00\",\"mainEntityOfPage\":{\"@id\":\"https:\\\/\\\/sites.uef.fi\\\/kuopionylioppilaskuoro\\\/2020\\\/08\\\/14\\\/finlandia-nauhoitus-etana\\\/\"},\"wordCount\":75,\"commentCount\":0,\"articleSection\":[\"Uutiset\"],\"inLanguage\":\"fi\",\"potentialAction\":[{\"@type\":\"CommentAction\",\"name\":\"Comment\",\"target\":[\"https:\\\/\\\/sites.uef.fi\\\/kuopionylioppilaskuoro\\\/2020\\\/08\\\/14\\\/finlandia-nauhoitus-etana\\\/#respond\"]}]},{\"@type\":\"WebPage\",\"@id\":\"https:\\\/\\\/sites.uef.fi\\\/kuopionylioppilaskuoro\\\/2020\\\/08\\\/14\\\/finlandia-nauhoitus-etana\\\/\",\"url\":\"https:\\\/\\\/sites.uef.fi\\\/kuopionylioppilaskuoro\\\/2020\\\/08\\\/14\\\/finlandia-nauhoitus-etana\\\/\",\"name\":\"Finlandia-nauhoitus et\u00e4n\u00e4 - UEF Kuopion Ylioppilaskuoro\",\"isPartOf\":{\"@id\":\"https:\\\/\\\/sites.uef.fi\\\/kuopionylioppilaskuoro\\\/#website\"},\"datePublished\":\"2020-08-14T07:19:27+00:00\",\"dateModified\":\"2020-08-14T11:37:39+00:00\",\"author\":{\"@id\":\"https:\\\/\\\/sites.uef.fi\\\/kuopionylioppilaskuoro\\\/#\\\/schema\\\/person\\\/c73f689f85cafcd1d21ab0b8dbd6e259\"},\"breadcrumb\":{\"@id\":\"https:\\\/\\\/sites.uef.fi\\\/kuopionylioppilaskuoro\\\/2020\\\/08\\\/14\\\/finlandia-nauhoitus-etana\\\/#breadcrumb\"},\"inLanguage\":\"fi\",\"potentialAction\":[{\"@type\":\"ReadAction\",\"target\":[\"https:\\\/\\\/sites.uef.fi\\\/kuopionylioppilaskuoro\\\/2020\\\/08\\\/14\\\/finlandia-nauhoitus-etana\\\/\"]}]},{\"@type\":\"BreadcrumbList\",\"@id\":\"https:\\\/\\\/sites.uef.fi\\\/kuopionylioppilaskuoro\\\/2020\\\/08\\\/14\\\/finlandia-nauhoitus-etana\\\/#breadcrumb\",\"itemListElement\":[{\"@type\":\"ListItem\",\"position\":1,\"name\":\"Home\",\"item\":\"https:\\\/\\\/sites.uef.fi\\\/kuopionylioppilaskuoro\\\/\"},{\"@type\":\"ListItem\",\"position\":2,\"name\":\"Finlandia-nauhoitus et\u00e4n\u00e4\"}]},{\"@type\":\"WebSite\",\"@id\":\"https:\\\/\\\/sites.uef.fi\\\/kuopionylioppilaskuoro\\\/#website\",\"url\":\"https:\\\/\\\/sites.uef.fi\\\/kuopionylioppilaskuoro\\\/\",\"name\":\"UEF Kuopion Ylioppilaskuoro\",\"description\":\"\",\"potentialAction\":[{\"@type\":\"SearchAction\",\"target\":{\"@type\":\"EntryPoint\",\"urlTemplate\":\"https:\\\/\\\/sites.uef.fi\\\/kuopionylioppilaskuoro\\\/?s={search_term_string}\"},\"query-input\":{\"@type\":\"PropertyValueSpecification\",\"valueRequired\":true,\"valueName\":\"search_term_string\"}}],\"inLanguage\":\"fi\"},{\"@type\":\"Person\",\"@id\":\"https:\\\/\\\/sites.uef.fi\\\/kuopionylioppilaskuoro\\\/#\\\/schema\\\/person\\\/c73f689f85cafcd1d21ab0b8dbd6e259\",\"name\":\"sarales\",\"image\":{\"@type\":\"ImageObject\",\"inLanguage\":\"fi\",\"@id\":\"https:\\\/\\\/secure.gravatar.com\\\/avatar\\\/70db9a42a37b64c5c729602f4d3fede2a667628e61dfea437ee0c557e5656618?s=96&d=mm&r=g\",\"url\":\"https:\\\/\\\/secure.gravatar.com\\\/avatar\\\/70db9a42a37b64c5c729602f4d3fede2a667628e61dfea437ee0c557e5656618?s=96&d=mm&r=g\",\"contentUrl\":\"https:\\\/\\\/secure.gravatar.com\\\/avatar\\\/70db9a42a37b64c5c729602f4d3fede2a667628e61dfea437ee0c557e5656618?s=96&d=mm&r=g\",\"caption\":\"sarales\"},\"url\":\"https:\\\/\\\/sites.uef.fi\\\/kuopionylioppilaskuoro\\\/author\\\/sarales\\\/\"}]}<\/script>\n<!-- \/ Yoast SEO plugin. -->","yoast_head_json":{"title":"Finlandia-nauhoitus et\u00e4n\u00e4 - UEF Kuopion Ylioppilaskuoro","robots":{"index":"index","follow":"follow","max-snippet":"max-snippet:-1","max-image-preview":"max-image-preview:large","max-video-preview":"max-video-preview:-1"},"canonical":"https:\/\/sites.uef.fi\/kuopionylioppilaskuoro\/2020\/08\/14\/finlandia-nauhoitus-etana\/","og_locale":"fi_FI","og_type":"article","og_title":"Finlandia-nauhoitus et\u00e4n\u00e4 - UEF Kuopion Ylioppilaskuoro","og_description":"Finlandia-hymni et\u00e4n\u00e4 UEF Kuopion ylioppilaskuoron harjoitukset ovat tauolla, mutta toiminta jatkuu et\u00e4n\u00e4. Kuoronjohtajan ohjauksella kuorolaiset \u00e4\u00e4nittiv\u00e4t jokainen oman osansa Finlandia-hymnist\u00e4 kotioloissa kev\u00e4\u00e4ll\u00e4, joista kuoronjohtaja loihti valmiin teoksen. T\u00e4ss\u00e4 teille siis kuultavaksi kev\u00e4\u00e4ll\u00e4 julkaistu Finlandia-hymni UEF Kuopion ylioppilaskuoron esitt\u00e4m\u00e4n\u00e4 (videon kesto 1:56). UEF Kuopion ylioppilaskuoro Finlandia-hymni S\u00e4v.: J. Sibelius San.: V. A. Koskenniemi \u00c4\u00e4nitys: kuorolaiset \u00c4\u00e4nen [&hellip;]","og_url":"https:\/\/sites.uef.fi\/kuopionylioppilaskuoro\/2020\/08\/14\/finlandia-nauhoitus-etana\/","og_site_name":"UEF Kuopion Ylioppilaskuoro","article_published_time":"2020-08-14T07:19:27+00:00","article_modified_time":"2020-08-14T11:37:39+00:00","author":"sarales","twitter_card":"summary_large_image","twitter_misc":{"Kirjoittanut":"sarales"},"schema":{"@context":"https:\/\/schema.org","@graph":[{"@type":"Article","@id":"https:\/\/sites.uef.fi\/kuopionylioppilaskuoro\/2020\/08\/14\/finlandia-nauhoitus-etana\/#article","isPartOf":{"@id":"https:\/\/sites.uef.fi\/kuopionylioppilaskuoro\/2020\/08\/14\/finlandia-nauhoitus-etana\/"},"author":{"name":"sarales","@id":"https:\/\/sites.uef.fi\/kuopionylioppilaskuoro\/#\/schema\/person\/c73f689f85cafcd1d21ab0b8dbd6e259"},"headline":"Finlandia-nauhoitus et\u00e4n\u00e4","datePublished":"2020-08-14T07:19:27+00:00","dateModified":"2020-08-14T11:37:39+00:00","mainEntityOfPage":{"@id":"https:\/\/sites.uef.fi\/kuopionylioppilaskuoro\/2020\/08\/14\/finlandia-nauhoitus-etana\/"},"wordCount":75,"commentCount":0,"articleSection":["Uutiset"],"inLanguage":"fi","potentialAction":[{"@type":"CommentAction","name":"Comment","target":["https:\/\/sites.uef.fi\/kuopionylioppilaskuoro\/2020\/08\/14\/finlandia-nauhoitus-etana\/#respond"]}]},{"@type":"WebPage","@id":"https:\/\/sites.uef.fi\/kuopionylioppilaskuoro\/2020\/08\/14\/finlandia-nauhoitus-etana\/","url":"https:\/\/sites.uef.fi\/kuopionylioppilaskuoro\/2020\/08\/14\/finlandia-nauhoitus-etana\/","name":"Finlandia-nauhoitus et\u00e4n\u00e4 - UEF Kuopion Ylioppilaskuoro","isPartOf":{"@id":"https:\/\/sites.uef.fi\/kuopionylioppilaskuoro\/#website"},"datePublished":"2020-08-14T07:19:27+00:00","dateModified":"2020-08-14T11:37:39+00:00","author":{"@id":"https:\/\/sites.uef.fi\/kuopionylioppilaskuoro\/#\/schema\/person\/c73f689f85cafcd1d21ab0b8dbd6e259"},"breadcrumb":{"@id":"https:\/\/sites.uef.fi\/kuopionylioppilaskuoro\/2020\/08\/14\/finlandia-nauhoitus-etana\/#breadcrumb"},"inLanguage":"fi","potentialAction":[{"@type":"ReadAction","target":["https:\/\/sites.uef.fi\/kuopionylioppilaskuoro\/2020\/08\/14\/finlandia-nauhoitus-etana\/"]}]},{"@type":"BreadcrumbList","@id":"https:\/\/sites.uef.fi\/kuopionylioppilaskuoro\/2020\/08\/14\/finlandia-nauhoitus-etana\/#breadcrumb","itemListElement":[{"@type":"ListItem","position":1,"name":"Home","item":"https:\/\/sites.uef.fi\/kuopionylioppilaskuoro\/"},{"@type":"ListItem","position":2,"name":"Finlandia-nauhoitus et\u00e4n\u00e4"}]},{"@type":"WebSite","@id":"https:\/\/sites.uef.fi\/kuopionylioppilaskuoro\/#website","url":"https:\/\/sites.uef.fi\/kuopionylioppilaskuoro\/","name":"UEF Kuopion Ylioppilaskuoro","description":"","potentialAction":[{"@type":"SearchAction","target":{"@type":"EntryPoint","urlTemplate":"https:\/\/sites.uef.fi\/kuopionylioppilaskuoro\/?s={search_term_string}"},"query-input":{"@type":"PropertyValueSpecification","valueRequired":true,"valueName":"search_term_string"}}],"inLanguage":"fi"},{"@type":"Person","@id":"https:\/\/sites.uef.fi\/kuopionylioppilaskuoro\/#\/schema\/person\/c73f689f85cafcd1d21ab0b8dbd6e259","name":"sarales","image":{"@type":"ImageObject","inLanguage":"fi","@id":"https:\/\/secure.gravatar.com\/avatar\/70db9a42a37b64c5c729602f4d3fede2a667628e61dfea437ee0c557e5656618?s=96&d=mm&r=g","url":"https:\/\/secure.gravatar.com\/avatar\/70db9a42a37b64c5c729602f4d3fede2a667628e61dfea437ee0c557e5656618?s=96&d=mm&r=g","contentUrl":"https:\/\/secure.gravatar.com\/avatar\/70db9a42a37b64c5c729602f4d3fede2a667628e61dfea437ee0c557e5656618?s=96&d=mm&r=g","caption":"sarales"},"url":"https:\/\/sites.uef.fi\/kuopionylioppilaskuoro\/author\/sarales\/"}]}},"_links":{"self":[{"href":"https:\/\/sites.uef.fi\/kuopionylioppilaskuoro\/wp-json\/wp\/v2\/posts\/385","targetHints":{"allow":["GET"]}}],"collection":[{"href":"https:\/\/sites.uef.fi\/kuopionylioppilaskuoro\/wp-json\/wp\/v2\/posts"}],"about":[{"href":"https:\/\/sites.uef.fi\/kuopionylioppilaskuoro\/wp-json\/wp\/v2\/types\/post"}],"author":[{"embeddable":true,"href":"https:\/\/sites.uef.fi\/kuopionylioppilaskuoro\/wp-json\/wp\/v2\/users\/190"}],"replies":[{"embeddable":true,"href":"https:\/\/sites.uef.fi\/kuopionylioppilaskuoro\/wp-json\/wp\/v2\/comments?post=385"}],"version-history":[{"count":2,"href":"https:\/\/sites.uef.fi\/kuopionylioppilaskuoro\/wp-json\/wp\/v2\/posts\/385\/revisions"}],"predecessor-version":[{"id":419,"href":"https:\/\/sites.uef.fi\/kuopionylioppilaskuoro\/wp-json\/wp\/v2\/posts\/385\/revisions\/419"}],"wp:attachment":[{"href":"https:\/\/sites.uef.fi\/kuopionylioppilaskuoro\/wp-json\/wp\/v2\/media?parent=385"}],"wp:term":[{"taxonomy":"category","embeddable":true,"href":"https:\/\/sites.uef.fi\/kuopionylioppilaskuoro\/wp-json\/wp\/v2\/categories?post=385"},{"taxonomy":"post_tag","embeddable":true,"href":"https:\/\/sites.uef.fi\/kuopionylioppilaskuoro\/wp-json\/wp\/v2\/tags?post=385"}],"curies":[{"name":"wp","href":"https:\/\/api.w.org\/{rel}","templated":true}]}}