{"id":469,"date":"2020-08-25T15:17:47","date_gmt":"2020-08-25T12:17:47","guid":{"rendered":"https:\/\/sites.uef.fi\/kuopionylioppilaskuoro\/?p=469"},"modified":"2020-08-25T15:23:09","modified_gmt":"2020-08-25T12:23:09","slug":"avoimet-harjoitukset-8-9-ja-15-9","status":"publish","type":"post","link":"https:\/\/sites.uef.fi\/kuopionylioppilaskuoro\/2020\/08\/25\/avoimet-harjoitukset-8-9-ja-15-9\/","title":{"rendered":"Avoimet harjoitukset 8.9. ja 15.9."},"content":{"rendered":"<h1>Tervetuloa mukaan kuoroon!<\/h1>\n<p><img loading=\"lazy\" decoding=\"async\" class=\"alignnone wp-image-448\" src=\"https:\/\/sites.uef.fi\/kuopionylioppilaskuoro\/wp-content\/uploads\/sites\/92\/2020\/08\/WhatsApp-Image-2020-08-19-at-14.29.14.jpeg\" alt=\"\" width=\"428\" height=\"606\" \/><\/p>\n<p>Haluaisitko laulaa kanssamme? Etsimme joukkoomme uusia laulajia. Mukaan p\u00e4\u00e4set osallistumalla avoimiin harjoituksiin, joiden j\u00e4lkeen uudet laulajat antavat pienen \u00e4\u00e4nin\u00e4ytteen itse valitsemastaan kappaleesta.<\/p>\n<p>J\u00c4RJEST\u00c4MME AVOIMIA HARJOITUKSIA SYYSKUUSSA SEURAAVASTI:<\/p>\n<p>ti 8.9. klo 18-20 SN100<br \/>\nti 15.9. klo 18-20 SN100<\/p>\n<p>Mik\u00e4li et p\u00e4\u00e4se paikalle varsinaisina koelaulup\u00e4ivin\u00e4, mutta haluaisit silti liitty\u00e4 kuoroon, otathan meihin yhteytt\u00e4 esimerkiksi Facebookissa tai s\u00e4hk\u00f6postitse (yo-kuoro@student.uef.fi).<\/p>\n<p>Olemme Kuopion kampuksella toimiva sekakuoro, joka laulaa lukukausittain vaihtuvan teeman mukaisia kappaleita. J\u00e4senist\u00f6mme koostuu yliopiston nykyisist\u00e4 ja entisist\u00e4 opiskelijoista, jatko-opiskelijoista, vaihto-opiskelijoista ja ty\u00f6ntekij\u00f6ist\u00e4. Olitpa siis uunituore fuksi, pitk\u00e4n linjan tutkija tai muuten vain kytk\u00f6ksiss\u00e4 yliopistoon, olet tervetullut mukaan kuoroon!<\/p>\n<p>Lis\u00e4tietoja toiminnastamme l\u00f6yd\u00e4t<br \/>\n-kuoron <a href=\"https:\/\/sites.uef.fi\/kuopionylioppilaskuoro\/\">nettisivuilta<\/a><br \/>\n&#8211;<a href=\"http:\/\/www.facebook.com\/uefkuoro\/\">Facebookista<\/a> , sek\u00e4<br \/>\n-Instagramista (@uef_kuopion_ylioppilaskuoro).<\/p>\n<p>HUOM! Koronaviruspandemian aikana noudatamme kuorossa It\u00e4-Suomen yliopiston ja viranomaisten ajankohtaista ohjeistusta. Tulethan harjoituksiin terveen\u00e4. Pid\u00e4mme yhdess\u00e4 huolta turvav\u00e4leist\u00e4 ja k\u00e4sihygieniasta.<\/p>\n<p>Tapahtuma <a href=\"https:\/\/www.facebook.com\/events\/1013007325806722\/?event_time_id=1013007332473388\">Facebookissa<\/a>.<\/p>\n","protected":false},"excerpt":{"rendered":"<p>Tervetuloa mukaan kuoroon! Haluaisitko laulaa kanssamme? Etsimme joukkoomme uusia laulajia. Mukaan p\u00e4\u00e4set osallistumalla avoimiin harjoituksiin, joiden j\u00e4lkeen uudet laulajat antavat pienen \u00e4\u00e4nin\u00e4ytteen itse valitsemastaan kappaleesta. J\u00c4RJEST\u00c4MME AVOIMIA HARJOITUKSIA SYYSKUUSSA SEURAAVASTI: ti 8.9. klo 18-20 SN100 ti 15.9. klo 18-20 SN100 Mik\u00e4li et p\u00e4\u00e4se paikalle varsinaisina koelaulup\u00e4ivin\u00e4, mutta haluaisit silti liitty\u00e4 kuoroon, otathan meihin yhteytt\u00e4 esimerkiksi [&hellip;]<\/p>\n","protected":false},"author":190,"featured_media":493,"comment_status":"closed","ping_status":"closed","sticky":false,"template":"","format":"standard","meta":{"_acf_changed":false,"footnotes":""},"categories":[13],"tags":[],"class_list":["post-469","post","type-post","status-publish","format-standard","has-post-thumbnail","hentry","category-uutiset"],"acf":[],"yoast_head":"<!-- This site is optimized with the Yoast SEO plugin v27.3 - https:\/\/yoast.com\/product\/yoast-seo-wordpress\/ -->\n<title>Avoimet harjoitukset 8.9. ja 15.9. - UEF Kuopion Ylioppilaskuoro<\/title>\n<meta name=\"robots\" content=\"index, follow, max-snippet:-1, max-image-preview:large, max-video-preview:-1\" \/>\n<link rel=\"canonical\" href=\"https:\/\/sites.uef.fi\/kuopionylioppilaskuoro\/2020\/08\/25\/avoimet-harjoitukset-8-9-ja-15-9\/\" \/>\n<meta property=\"og:locale\" content=\"fi_FI\" \/>\n<meta property=\"og:type\" content=\"article\" \/>\n<meta property=\"og:title\" content=\"Avoimet harjoitukset 8.9. ja 15.9. - UEF Kuopion Ylioppilaskuoro\" \/>\n<meta property=\"og:description\" content=\"Tervetuloa mukaan kuoroon! Haluaisitko laulaa kanssamme? Etsimme joukkoomme uusia laulajia. Mukaan p\u00e4\u00e4set osallistumalla avoimiin harjoituksiin, joiden j\u00e4lkeen uudet laulajat antavat pienen \u00e4\u00e4nin\u00e4ytteen itse valitsemastaan kappaleesta. J\u00c4RJEST\u00c4MME AVOIMIA HARJOITUKSIA SYYSKUUSSA SEURAAVASTI: ti 8.9. klo 18-20 SN100 ti 15.9. klo 18-20 SN100 Mik\u00e4li et p\u00e4\u00e4se paikalle varsinaisina koelaulup\u00e4ivin\u00e4, mutta haluaisit silti liitty\u00e4 kuoroon, otathan meihin yhteytt\u00e4 esimerkiksi [&hellip;]\" \/>\n<meta property=\"og:url\" content=\"https:\/\/sites.uef.fi\/kuopionylioppilaskuoro\/2020\/08\/25\/avoimet-harjoitukset-8-9-ja-15-9\/\" \/>\n<meta property=\"og:site_name\" content=\"UEF Kuopion Ylioppilaskuoro\" \/>\n<meta property=\"article:published_time\" content=\"2020-08-25T12:17:47+00:00\" \/>\n<meta property=\"article:modified_time\" content=\"2020-08-25T12:23:09+00:00\" \/>\n<meta property=\"og:image\" content=\"https:\/\/sites.uef.fi\/kuopionylioppilaskuoro\/wp-content\/uploads\/sites\/92\/2020\/08\/avoimet-harkat.png\" \/>\n\t<meta property=\"og:image:width\" content=\"1920\" \/>\n\t<meta property=\"og:image:height\" content=\"1080\" \/>\n\t<meta property=\"og:image:type\" content=\"image\/png\" \/>\n<meta name=\"author\" content=\"sarales\" \/>\n<meta name=\"twitter:card\" content=\"summary_large_image\" \/>\n<meta name=\"twitter:label1\" content=\"Kirjoittanut\" \/>\n\t<meta name=\"twitter:data1\" content=\"sarales\" \/>\n\t<meta name=\"twitter:label2\" content=\"Arvioitu lukuaika\" \/>\n\t<meta name=\"twitter:data2\" content=\"1 minuutti\" \/>\n<script type=\"application\/ld+json\" class=\"yoast-schema-graph\">{\"@context\":\"https:\\\/\\\/schema.org\",\"@graph\":[{\"@type\":\"Article\",\"@id\":\"https:\\\/\\\/sites.uef.fi\\\/kuopionylioppilaskuoro\\\/2020\\\/08\\\/25\\\/avoimet-harjoitukset-8-9-ja-15-9\\\/#article\",\"isPartOf\":{\"@id\":\"https:\\\/\\\/sites.uef.fi\\\/kuopionylioppilaskuoro\\\/2020\\\/08\\\/25\\\/avoimet-harjoitukset-8-9-ja-15-9\\\/\"},\"author\":{\"name\":\"sarales\",\"@id\":\"https:\\\/\\\/sites.uef.fi\\\/kuopionylioppilaskuoro\\\/#\\\/schema\\\/person\\\/c73f689f85cafcd1d21ab0b8dbd6e259\"},\"headline\":\"Avoimet harjoitukset 8.9. ja 15.9.\",\"datePublished\":\"2020-08-25T12:17:47+00:00\",\"dateModified\":\"2020-08-25T12:23:09+00:00\",\"mainEntityOfPage\":{\"@id\":\"https:\\\/\\\/sites.uef.fi\\\/kuopionylioppilaskuoro\\\/2020\\\/08\\\/25\\\/avoimet-harjoitukset-8-9-ja-15-9\\\/\"},\"wordCount\":158,\"image\":{\"@id\":\"https:\\\/\\\/sites.uef.fi\\\/kuopionylioppilaskuoro\\\/2020\\\/08\\\/25\\\/avoimet-harjoitukset-8-9-ja-15-9\\\/#primaryimage\"},\"thumbnailUrl\":\"https:\\\/\\\/sites.uef.fi\\\/kuopionylioppilaskuoro\\\/wp-content\\\/uploads\\\/sites\\\/92\\\/2020\\\/08\\\/avoimet-harkat.png\",\"articleSection\":[\"Uutiset\"],\"inLanguage\":\"fi\"},{\"@type\":\"WebPage\",\"@id\":\"https:\\\/\\\/sites.uef.fi\\\/kuopionylioppilaskuoro\\\/2020\\\/08\\\/25\\\/avoimet-harjoitukset-8-9-ja-15-9\\\/\",\"url\":\"https:\\\/\\\/sites.uef.fi\\\/kuopionylioppilaskuoro\\\/2020\\\/08\\\/25\\\/avoimet-harjoitukset-8-9-ja-15-9\\\/\",\"name\":\"Avoimet harjoitukset 8.9. ja 15.9. - UEF Kuopion Ylioppilaskuoro\",\"isPartOf\":{\"@id\":\"https:\\\/\\\/sites.uef.fi\\\/kuopionylioppilaskuoro\\\/#website\"},\"primaryImageOfPage\":{\"@id\":\"https:\\\/\\\/sites.uef.fi\\\/kuopionylioppilaskuoro\\\/2020\\\/08\\\/25\\\/avoimet-harjoitukset-8-9-ja-15-9\\\/#primaryimage\"},\"image\":{\"@id\":\"https:\\\/\\\/sites.uef.fi\\\/kuopionylioppilaskuoro\\\/2020\\\/08\\\/25\\\/avoimet-harjoitukset-8-9-ja-15-9\\\/#primaryimage\"},\"thumbnailUrl\":\"https:\\\/\\\/sites.uef.fi\\\/kuopionylioppilaskuoro\\\/wp-content\\\/uploads\\\/sites\\\/92\\\/2020\\\/08\\\/avoimet-harkat.png\",\"datePublished\":\"2020-08-25T12:17:47+00:00\",\"dateModified\":\"2020-08-25T12:23:09+00:00\",\"author\":{\"@id\":\"https:\\\/\\\/sites.uef.fi\\\/kuopionylioppilaskuoro\\\/#\\\/schema\\\/person\\\/c73f689f85cafcd1d21ab0b8dbd6e259\"},\"breadcrumb\":{\"@id\":\"https:\\\/\\\/sites.uef.fi\\\/kuopionylioppilaskuoro\\\/2020\\\/08\\\/25\\\/avoimet-harjoitukset-8-9-ja-15-9\\\/#breadcrumb\"},\"inLanguage\":\"fi\",\"potentialAction\":[{\"@type\":\"ReadAction\",\"target\":[\"https:\\\/\\\/sites.uef.fi\\\/kuopionylioppilaskuoro\\\/2020\\\/08\\\/25\\\/avoimet-harjoitukset-8-9-ja-15-9\\\/\"]}]},{\"@type\":\"ImageObject\",\"inLanguage\":\"fi\",\"@id\":\"https:\\\/\\\/sites.uef.fi\\\/kuopionylioppilaskuoro\\\/2020\\\/08\\\/25\\\/avoimet-harjoitukset-8-9-ja-15-9\\\/#primaryimage\",\"url\":\"https:\\\/\\\/sites.uef.fi\\\/kuopionylioppilaskuoro\\\/wp-content\\\/uploads\\\/sites\\\/92\\\/2020\\\/08\\\/avoimet-harkat.png\",\"contentUrl\":\"https:\\\/\\\/sites.uef.fi\\\/kuopionylioppilaskuoro\\\/wp-content\\\/uploads\\\/sites\\\/92\\\/2020\\\/08\\\/avoimet-harkat.png\",\"width\":1920,\"height\":1080},{\"@type\":\"BreadcrumbList\",\"@id\":\"https:\\\/\\\/sites.uef.fi\\\/kuopionylioppilaskuoro\\\/2020\\\/08\\\/25\\\/avoimet-harjoitukset-8-9-ja-15-9\\\/#breadcrumb\",\"itemListElement\":[{\"@type\":\"ListItem\",\"position\":1,\"name\":\"Home\",\"item\":\"https:\\\/\\\/sites.uef.fi\\\/kuopionylioppilaskuoro\\\/\"},{\"@type\":\"ListItem\",\"position\":2,\"name\":\"Avoimet harjoitukset 8.9. ja 15.9.\"}]},{\"@type\":\"WebSite\",\"@id\":\"https:\\\/\\\/sites.uef.fi\\\/kuopionylioppilaskuoro\\\/#website\",\"url\":\"https:\\\/\\\/sites.uef.fi\\\/kuopionylioppilaskuoro\\\/\",\"name\":\"UEF Kuopion Ylioppilaskuoro\",\"description\":\"\",\"potentialAction\":[{\"@type\":\"SearchAction\",\"target\":{\"@type\":\"EntryPoint\",\"urlTemplate\":\"https:\\\/\\\/sites.uef.fi\\\/kuopionylioppilaskuoro\\\/?s={search_term_string}\"},\"query-input\":{\"@type\":\"PropertyValueSpecification\",\"valueRequired\":true,\"valueName\":\"search_term_string\"}}],\"inLanguage\":\"fi\"},{\"@type\":\"Person\",\"@id\":\"https:\\\/\\\/sites.uef.fi\\\/kuopionylioppilaskuoro\\\/#\\\/schema\\\/person\\\/c73f689f85cafcd1d21ab0b8dbd6e259\",\"name\":\"sarales\",\"image\":{\"@type\":\"ImageObject\",\"inLanguage\":\"fi\",\"@id\":\"https:\\\/\\\/secure.gravatar.com\\\/avatar\\\/70db9a42a37b64c5c729602f4d3fede2a667628e61dfea437ee0c557e5656618?s=96&d=mm&r=g\",\"url\":\"https:\\\/\\\/secure.gravatar.com\\\/avatar\\\/70db9a42a37b64c5c729602f4d3fede2a667628e61dfea437ee0c557e5656618?s=96&d=mm&r=g\",\"contentUrl\":\"https:\\\/\\\/secure.gravatar.com\\\/avatar\\\/70db9a42a37b64c5c729602f4d3fede2a667628e61dfea437ee0c557e5656618?s=96&d=mm&r=g\",\"caption\":\"sarales\"},\"url\":\"https:\\\/\\\/sites.uef.fi\\\/kuopionylioppilaskuoro\\\/author\\\/sarales\\\/\"}]}<\/script>\n<!-- \/ Yoast SEO plugin. -->","yoast_head_json":{"title":"Avoimet harjoitukset 8.9. ja 15.9. - UEF Kuopion Ylioppilaskuoro","robots":{"index":"index","follow":"follow","max-snippet":"max-snippet:-1","max-image-preview":"max-image-preview:large","max-video-preview":"max-video-preview:-1"},"canonical":"https:\/\/sites.uef.fi\/kuopionylioppilaskuoro\/2020\/08\/25\/avoimet-harjoitukset-8-9-ja-15-9\/","og_locale":"fi_FI","og_type":"article","og_title":"Avoimet harjoitukset 8.9. ja 15.9. - UEF Kuopion Ylioppilaskuoro","og_description":"Tervetuloa mukaan kuoroon! Haluaisitko laulaa kanssamme? Etsimme joukkoomme uusia laulajia. Mukaan p\u00e4\u00e4set osallistumalla avoimiin harjoituksiin, joiden j\u00e4lkeen uudet laulajat antavat pienen \u00e4\u00e4nin\u00e4ytteen itse valitsemastaan kappaleesta. J\u00c4RJEST\u00c4MME AVOIMIA HARJOITUKSIA SYYSKUUSSA SEURAAVASTI: ti 8.9. klo 18-20 SN100 ti 15.9. klo 18-20 SN100 Mik\u00e4li et p\u00e4\u00e4se paikalle varsinaisina koelaulup\u00e4ivin\u00e4, mutta haluaisit silti liitty\u00e4 kuoroon, otathan meihin yhteytt\u00e4 esimerkiksi [&hellip;]","og_url":"https:\/\/sites.uef.fi\/kuopionylioppilaskuoro\/2020\/08\/25\/avoimet-harjoitukset-8-9-ja-15-9\/","og_site_name":"UEF Kuopion Ylioppilaskuoro","article_published_time":"2020-08-25T12:17:47+00:00","article_modified_time":"2020-08-25T12:23:09+00:00","og_image":[{"width":1920,"height":1080,"url":"https:\/\/sites.uef.fi\/kuopionylioppilaskuoro\/wp-content\/uploads\/sites\/92\/2020\/08\/avoimet-harkat.png","type":"image\/png"}],"author":"sarales","twitter_card":"summary_large_image","twitter_misc":{"Kirjoittanut":"sarales","Arvioitu lukuaika":"1 minuutti"},"schema":{"@context":"https:\/\/schema.org","@graph":[{"@type":"Article","@id":"https:\/\/sites.uef.fi\/kuopionylioppilaskuoro\/2020\/08\/25\/avoimet-harjoitukset-8-9-ja-15-9\/#article","isPartOf":{"@id":"https:\/\/sites.uef.fi\/kuopionylioppilaskuoro\/2020\/08\/25\/avoimet-harjoitukset-8-9-ja-15-9\/"},"author":{"name":"sarales","@id":"https:\/\/sites.uef.fi\/kuopionylioppilaskuoro\/#\/schema\/person\/c73f689f85cafcd1d21ab0b8dbd6e259"},"headline":"Avoimet harjoitukset 8.9. ja 15.9.","datePublished":"2020-08-25T12:17:47+00:00","dateModified":"2020-08-25T12:23:09+00:00","mainEntityOfPage":{"@id":"https:\/\/sites.uef.fi\/kuopionylioppilaskuoro\/2020\/08\/25\/avoimet-harjoitukset-8-9-ja-15-9\/"},"wordCount":158,"image":{"@id":"https:\/\/sites.uef.fi\/kuopionylioppilaskuoro\/2020\/08\/25\/avoimet-harjoitukset-8-9-ja-15-9\/#primaryimage"},"thumbnailUrl":"https:\/\/sites.uef.fi\/kuopionylioppilaskuoro\/wp-content\/uploads\/sites\/92\/2020\/08\/avoimet-harkat.png","articleSection":["Uutiset"],"inLanguage":"fi"},{"@type":"WebPage","@id":"https:\/\/sites.uef.fi\/kuopionylioppilaskuoro\/2020\/08\/25\/avoimet-harjoitukset-8-9-ja-15-9\/","url":"https:\/\/sites.uef.fi\/kuopionylioppilaskuoro\/2020\/08\/25\/avoimet-harjoitukset-8-9-ja-15-9\/","name":"Avoimet harjoitukset 8.9. ja 15.9. - UEF Kuopion Ylioppilaskuoro","isPartOf":{"@id":"https:\/\/sites.uef.fi\/kuopionylioppilaskuoro\/#website"},"primaryImageOfPage":{"@id":"https:\/\/sites.uef.fi\/kuopionylioppilaskuoro\/2020\/08\/25\/avoimet-harjoitukset-8-9-ja-15-9\/#primaryimage"},"image":{"@id":"https:\/\/sites.uef.fi\/kuopionylioppilaskuoro\/2020\/08\/25\/avoimet-harjoitukset-8-9-ja-15-9\/#primaryimage"},"thumbnailUrl":"https:\/\/sites.uef.fi\/kuopionylioppilaskuoro\/wp-content\/uploads\/sites\/92\/2020\/08\/avoimet-harkat.png","datePublished":"2020-08-25T12:17:47+00:00","dateModified":"2020-08-25T12:23:09+00:00","author":{"@id":"https:\/\/sites.uef.fi\/kuopionylioppilaskuoro\/#\/schema\/person\/c73f689f85cafcd1d21ab0b8dbd6e259"},"breadcrumb":{"@id":"https:\/\/sites.uef.fi\/kuopionylioppilaskuoro\/2020\/08\/25\/avoimet-harjoitukset-8-9-ja-15-9\/#breadcrumb"},"inLanguage":"fi","potentialAction":[{"@type":"ReadAction","target":["https:\/\/sites.uef.fi\/kuopionylioppilaskuoro\/2020\/08\/25\/avoimet-harjoitukset-8-9-ja-15-9\/"]}]},{"@type":"ImageObject","inLanguage":"fi","@id":"https:\/\/sites.uef.fi\/kuopionylioppilaskuoro\/2020\/08\/25\/avoimet-harjoitukset-8-9-ja-15-9\/#primaryimage","url":"https:\/\/sites.uef.fi\/kuopionylioppilaskuoro\/wp-content\/uploads\/sites\/92\/2020\/08\/avoimet-harkat.png","contentUrl":"https:\/\/sites.uef.fi\/kuopionylioppilaskuoro\/wp-content\/uploads\/sites\/92\/2020\/08\/avoimet-harkat.png","width":1920,"height":1080},{"@type":"BreadcrumbList","@id":"https:\/\/sites.uef.fi\/kuopionylioppilaskuoro\/2020\/08\/25\/avoimet-harjoitukset-8-9-ja-15-9\/#breadcrumb","itemListElement":[{"@type":"ListItem","position":1,"name":"Home","item":"https:\/\/sites.uef.fi\/kuopionylioppilaskuoro\/"},{"@type":"ListItem","position":2,"name":"Avoimet harjoitukset 8.9. ja 15.9."}]},{"@type":"WebSite","@id":"https:\/\/sites.uef.fi\/kuopionylioppilaskuoro\/#website","url":"https:\/\/sites.uef.fi\/kuopionylioppilaskuoro\/","name":"UEF Kuopion Ylioppilaskuoro","description":"","potentialAction":[{"@type":"SearchAction","target":{"@type":"EntryPoint","urlTemplate":"https:\/\/sites.uef.fi\/kuopionylioppilaskuoro\/?s={search_term_string}"},"query-input":{"@type":"PropertyValueSpecification","valueRequired":true,"valueName":"search_term_string"}}],"inLanguage":"fi"},{"@type":"Person","@id":"https:\/\/sites.uef.fi\/kuopionylioppilaskuoro\/#\/schema\/person\/c73f689f85cafcd1d21ab0b8dbd6e259","name":"sarales","image":{"@type":"ImageObject","inLanguage":"fi","@id":"https:\/\/secure.gravatar.com\/avatar\/70db9a42a37b64c5c729602f4d3fede2a667628e61dfea437ee0c557e5656618?s=96&d=mm&r=g","url":"https:\/\/secure.gravatar.com\/avatar\/70db9a42a37b64c5c729602f4d3fede2a667628e61dfea437ee0c557e5656618?s=96&d=mm&r=g","contentUrl":"https:\/\/secure.gravatar.com\/avatar\/70db9a42a37b64c5c729602f4d3fede2a667628e61dfea437ee0c557e5656618?s=96&d=mm&r=g","caption":"sarales"},"url":"https:\/\/sites.uef.fi\/kuopionylioppilaskuoro\/author\/sarales\/"}]}},"_links":{"self":[{"href":"https:\/\/sites.uef.fi\/kuopionylioppilaskuoro\/wp-json\/wp\/v2\/posts\/469","targetHints":{"allow":["GET"]}}],"collection":[{"href":"https:\/\/sites.uef.fi\/kuopionylioppilaskuoro\/wp-json\/wp\/v2\/posts"}],"about":[{"href":"https:\/\/sites.uef.fi\/kuopionylioppilaskuoro\/wp-json\/wp\/v2\/types\/post"}],"author":[{"embeddable":true,"href":"https:\/\/sites.uef.fi\/kuopionylioppilaskuoro\/wp-json\/wp\/v2\/users\/190"}],"replies":[{"embeddable":true,"href":"https:\/\/sites.uef.fi\/kuopionylioppilaskuoro\/wp-json\/wp\/v2\/comments?post=469"}],"version-history":[{"count":2,"href":"https:\/\/sites.uef.fi\/kuopionylioppilaskuoro\/wp-json\/wp\/v2\/posts\/469\/revisions"}],"predecessor-version":[{"id":487,"href":"https:\/\/sites.uef.fi\/kuopionylioppilaskuoro\/wp-json\/wp\/v2\/posts\/469\/revisions\/487"}],"wp:featuredmedia":[{"embeddable":true,"href":"https:\/\/sites.uef.fi\/kuopionylioppilaskuoro\/wp-json\/wp\/v2\/media\/493"}],"wp:attachment":[{"href":"https:\/\/sites.uef.fi\/kuopionylioppilaskuoro\/wp-json\/wp\/v2\/media?parent=469"}],"wp:term":[{"taxonomy":"category","embeddable":true,"href":"https:\/\/sites.uef.fi\/kuopionylioppilaskuoro\/wp-json\/wp\/v2\/categories?post=469"},{"taxonomy":"post_tag","embeddable":true,"href":"https:\/\/sites.uef.fi\/kuopionylioppilaskuoro\/wp-json\/wp\/v2\/tags?post=469"}],"curies":[{"name":"wp","href":"https:\/\/api.w.org\/{rel}","templated":true}]}}