{"id":558,"date":"2020-11-23T10:46:39","date_gmt":"2020-11-23T08:46:39","guid":{"rendered":"https:\/\/sites.uef.fi\/kuopionylioppilaskuoro\/?p=558"},"modified":"2020-11-23T10:46:39","modified_gmt":"2020-11-23T08:46:39","slug":"30-vuotias-uef-kuopion-ylioppilaskuoro-esittaa-juhlavaa-joulua","status":"publish","type":"post","link":"https:\/\/sites.uef.fi\/kuopionylioppilaskuoro\/2020\/11\/23\/30-vuotias-uef-kuopion-ylioppilaskuoro-esittaa-juhlavaa-joulua\/","title":{"rendered":"30-vuotias UEF Kuopion ylioppilaskuoro esitt\u00e4\u00e4: Juhlavaa joulua!"},"content":{"rendered":"<h1 class=\"o9v6fnle cxmmr5t8 oygrvhab hcukyx3x c1et5uql\">UEF Kuopion ylioppilaskuoro juhlii 30-vuotista taivaltaan joulukonsertin merkeiss\u00e4!<\/h1>\n<div><\/div>\n<div class=\"o9v6fnle cxmmr5t8 oygrvhab hcukyx3x c1et5uql\"><img loading=\"lazy\" decoding=\"async\" class=\"alignnone  wp-image-576\" src=\"https:\/\/sites.uef.fi\/kuopionylioppilaskuoro\/wp-content\/uploads\/sites\/92\/2020\/11\/WhatsApp-Image-2020-11-11-at-10.08.25.jpeg\" alt=\"\" width=\"521\" height=\"737\" srcset=\"https:\/\/sites.uef.fi\/kuopionylioppilaskuoro\/wp-content\/uploads\/sites\/92\/2020\/11\/WhatsApp-Image-2020-11-11-at-10.08.25.jpeg 1130w, https:\/\/sites.uef.fi\/kuopionylioppilaskuoro\/wp-content\/uploads\/sites\/92\/2020\/11\/WhatsApp-Image-2020-11-11-at-10.08.25-212x300.jpeg 212w, https:\/\/sites.uef.fi\/kuopionylioppilaskuoro\/wp-content\/uploads\/sites\/92\/2020\/11\/WhatsApp-Image-2020-11-11-at-10.08.25-723x1024.jpeg 723w, https:\/\/sites.uef.fi\/kuopionylioppilaskuoro\/wp-content\/uploads\/sites\/92\/2020\/11\/WhatsApp-Image-2020-11-11-at-10.08.25-768x1087.jpeg 768w, https:\/\/sites.uef.fi\/kuopionylioppilaskuoro\/wp-content\/uploads\/sites\/92\/2020\/11\/WhatsApp-Image-2020-11-11-at-10.08.25-1085x1536.jpeg 1085w\" sizes=\"auto, (max-width: 521px) 100vw, 521px\" \/><\/div>\n<p>&nbsp;<\/p>\n<p class=\"o9v6fnle cxmmr5t8 oygrvhab hcukyx3x c1et5uql\">Konsertti j\u00e4rjestet\u00e4\u00e4n t\u00e4n\u00e4 vuonna striimattuna livekonserttina, joten jokainen halukas voi nauttia kuoromusiikista vaikka omalta kotisohvaltaan. Katseluun tarvitaan vain soveltuva laite verkkoyhteydell\u00e4 (esimerkiksi k\u00e4nnykk\u00e4, tietokone tai tabletti).<\/p>\n<p class=\"o9v6fnle cxmmr5t8 oygrvhab hcukyx3x c1et5uql\">Konsertti suoratoistetaan kuoron Youtube-kanavalla ja sen katselu on ilmaista. Kuoroa johtaa Richard Nicholls.<\/p>\n<p class=\"o9v6fnle cxmmr5t8 oygrvhab hcukyx3x c1et5uql\">Konsertti j\u00e4rjestet\u00e4\u00e4n: 8.12.2020 klo 18:00 kuoron Youtube-kanavalla.<\/p>\n<p class=\"o9v6fnle cxmmr5t8 oygrvhab hcukyx3x c1et5uql\">Lis\u00e4\u00e4 tietoa kuorosta:\u00a0<a class=\"oajrlxb2 g5ia77u1 qu0x051f esr5mh6w e9989ue4 r7d6kgcz rq0escxv nhd2j8a9 nc684nl6 p7hjln8o kvgmc6g5 cxmmr5t8 oygrvhab hcukyx3x jb3vyjys rz4wbd8a qt6c0cv9 a8nywdso i1ao9s8h esuyzwwr f1sip0of lzcic4wl py34i1dx gpro0wi8\" role=\"link\" href=\"https:\/\/l.facebook.com\/l.php?u=https%3A%2F%2Fsites.uef.fi%2Fkuopionylioppilaskuoro%2F%3Ffbclid%3DIwAR1eYVLCr90pWY52HZOt4fqOcirAuCIxwAoI3hXGOOk-gnVjcLZRMKEk14U&amp;h=AT3fHQnzTPYPzKjOkh6y2rUaTo_w4xt0aukevzuFsYsKsoYyPIRVe4Whv91KO9bdxYmpQdKU4ipe8rN9yvBmDoyXytGepuBTxPcOaIx5m8yJby92i2T9ucs7t84VxzqrXw&amp;__tn__=q&amp;c[0]=AT2-XXeY1A3-R38AJOSsQGDpG2fX3dhL0WsQwLe-fg0M6uFIQqS_WL7Ooz89mfQ2pvIhby42_MUe7IMnZ0Sm33bimqR5hNC-zYBi5KOaUVhBG2lBvJ2exoh3u6NnMcJ07sgUYMRU5I0m2eZp57lPUziR\" target=\"_blank\" rel=\"nofollow noopener noreferrer\">https:\/\/sites.uef.fi\/kuopionylioppilaskuoro\/<\/a><br \/>\nInstagram:\u00a0<a class=\"oajrlxb2 g5ia77u1 qu0x051f esr5mh6w e9989ue4 r7d6kgcz rq0escxv nhd2j8a9 nc684nl6 p7hjln8o kvgmc6g5 cxmmr5t8 oygrvhab hcukyx3x jb3vyjys rz4wbd8a qt6c0cv9 a8nywdso i1ao9s8h esuyzwwr f1sip0of lzcic4wl py34i1dx gpro0wi8\" role=\"link\" href=\"https:\/\/www.instagram.com\/uef_kuopion_ylioppilaskuoro\/?fbclid=IwAR2ttXeDHlYR-k6QpspicM9Q-QqraEUjoqlH6fYpamUFc2jj_zNGuMK4Yzs\" target=\"_blank\" rel=\"nofollow noopener noreferrer\">https:\/\/www.instagram.com\/uef_kuopion_ylioppilaskuoro\/<\/a><br \/>\nYoutube:\u00a0<a class=\"oajrlxb2 g5ia77u1 qu0x051f esr5mh6w e9989ue4 r7d6kgcz rq0escxv nhd2j8a9 nc684nl6 p7hjln8o kvgmc6g5 cxmmr5t8 oygrvhab hcukyx3x jb3vyjys rz4wbd8a qt6c0cv9 a8nywdso i1ao9s8h esuyzwwr f1sip0of lzcic4wl py34i1dx gpro0wi8\" role=\"link\" href=\"https:\/\/www.youtube.com\/channel\/UCi9vFDfs7imNmQE3oCsen3g?fbclid=IwAR3M_tC6Inhff2nmpQHgBrgRGkgcbf_hmXUVM5Hwpqxb4vb1CmgK5KuI7Rs\" target=\"_blank\" rel=\"nofollow noopener noreferrer\">https:\/\/www.youtube.com\/channel\/UCi9vFDfs7imNmQE3oCsen3g<\/a><\/p>\n","protected":false},"excerpt":{"rendered":"<p>UEF Kuopion ylioppilaskuoro juhlii 30-vuotista taivaltaan joulukonsertin merkeiss\u00e4! &nbsp; Konsertti j\u00e4rjestet\u00e4\u00e4n t\u00e4n\u00e4 vuonna striimattuna livekonserttina, joten jokainen halukas voi nauttia kuoromusiikista vaikka omalta kotisohvaltaan. Katseluun tarvitaan vain soveltuva laite verkkoyhteydell\u00e4 (esimerkiksi k\u00e4nnykk\u00e4, tietokone tai tabletti). Konsertti suoratoistetaan kuoron Youtube-kanavalla ja sen katselu on ilmaista. Kuoroa johtaa Richard Nicholls. Konsertti j\u00e4rjestet\u00e4\u00e4n: 8.12.2020 klo 18:00 kuoron Youtube-kanavalla. [&hellip;]<\/p>\n","protected":false},"author":190,"featured_media":0,"comment_status":"closed","ping_status":"closed","sticky":false,"template":"","format":"standard","meta":{"_acf_changed":false,"footnotes":""},"categories":[13],"tags":[15,18],"class_list":["post-558","post","type-post","status-publish","format-standard","hentry","category-uutiset","tag-joulu","tag-joulukonsertti"],"acf":[],"yoast_head":"<!-- This site is optimized with the Yoast SEO plugin v27.3 - https:\/\/yoast.com\/product\/yoast-seo-wordpress\/ -->\n<title>30-vuotias UEF Kuopion ylioppilaskuoro esitt\u00e4\u00e4: Juhlavaa joulua! - UEF Kuopion Ylioppilaskuoro<\/title>\n<meta name=\"robots\" content=\"index, follow, max-snippet:-1, max-image-preview:large, max-video-preview:-1\" \/>\n<link rel=\"canonical\" href=\"https:\/\/sites.uef.fi\/kuopionylioppilaskuoro\/2020\/11\/23\/30-vuotias-uef-kuopion-ylioppilaskuoro-esittaa-juhlavaa-joulua\/\" \/>\n<meta property=\"og:locale\" content=\"fi_FI\" \/>\n<meta property=\"og:type\" content=\"article\" \/>\n<meta property=\"og:title\" content=\"30-vuotias UEF Kuopion ylioppilaskuoro esitt\u00e4\u00e4: Juhlavaa joulua! - UEF Kuopion Ylioppilaskuoro\" \/>\n<meta property=\"og:description\" content=\"UEF Kuopion ylioppilaskuoro juhlii 30-vuotista taivaltaan joulukonsertin merkeiss\u00e4! &nbsp; Konsertti j\u00e4rjestet\u00e4\u00e4n t\u00e4n\u00e4 vuonna striimattuna livekonserttina, joten jokainen halukas voi nauttia kuoromusiikista vaikka omalta kotisohvaltaan. Katseluun tarvitaan vain soveltuva laite verkkoyhteydell\u00e4 (esimerkiksi k\u00e4nnykk\u00e4, tietokone tai tabletti). Konsertti suoratoistetaan kuoron Youtube-kanavalla ja sen katselu on ilmaista. Kuoroa johtaa Richard Nicholls. Konsertti j\u00e4rjestet\u00e4\u00e4n: 8.12.2020 klo 18:00 kuoron Youtube-kanavalla. [&hellip;]\" \/>\n<meta property=\"og:url\" content=\"https:\/\/sites.uef.fi\/kuopionylioppilaskuoro\/2020\/11\/23\/30-vuotias-uef-kuopion-ylioppilaskuoro-esittaa-juhlavaa-joulua\/\" \/>\n<meta property=\"og:site_name\" content=\"UEF Kuopion Ylioppilaskuoro\" \/>\n<meta property=\"article:published_time\" content=\"2020-11-23T08:46:39+00:00\" \/>\n<meta property=\"og:image\" content=\"https:\/\/sites.uef.fi\/kuopionylioppilaskuoro\/wp-content\/uploads\/sites\/92\/2020\/11\/WhatsApp-Image-2020-11-11-at-10.08.25.jpeg\" \/>\n<meta name=\"author\" content=\"sarales\" \/>\n<meta name=\"twitter:card\" content=\"summary_large_image\" \/>\n<meta name=\"twitter:label1\" content=\"Kirjoittanut\" \/>\n\t<meta name=\"twitter:data1\" content=\"sarales\" \/>\n<script type=\"application\/ld+json\" class=\"yoast-schema-graph\">{\"@context\":\"https:\\\/\\\/schema.org\",\"@graph\":[{\"@type\":\"Article\",\"@id\":\"https:\\\/\\\/sites.uef.fi\\\/kuopionylioppilaskuoro\\\/2020\\\/11\\\/23\\\/30-vuotias-uef-kuopion-ylioppilaskuoro-esittaa-juhlavaa-joulua\\\/#article\",\"isPartOf\":{\"@id\":\"https:\\\/\\\/sites.uef.fi\\\/kuopionylioppilaskuoro\\\/2020\\\/11\\\/23\\\/30-vuotias-uef-kuopion-ylioppilaskuoro-esittaa-juhlavaa-joulua\\\/\"},\"author\":{\"name\":\"sarales\",\"@id\":\"https:\\\/\\\/sites.uef.fi\\\/kuopionylioppilaskuoro\\\/#\\\/schema\\\/person\\\/c73f689f85cafcd1d21ab0b8dbd6e259\"},\"headline\":\"30-vuotias UEF Kuopion ylioppilaskuoro esitt\u00e4\u00e4: Juhlavaa joulua!\",\"datePublished\":\"2020-11-23T08:46:39+00:00\",\"mainEntityOfPage\":{\"@id\":\"https:\\\/\\\/sites.uef.fi\\\/kuopionylioppilaskuoro\\\/2020\\\/11\\\/23\\\/30-vuotias-uef-kuopion-ylioppilaskuoro-esittaa-juhlavaa-joulua\\\/\"},\"wordCount\":93,\"image\":{\"@id\":\"https:\\\/\\\/sites.uef.fi\\\/kuopionylioppilaskuoro\\\/2020\\\/11\\\/23\\\/30-vuotias-uef-kuopion-ylioppilaskuoro-esittaa-juhlavaa-joulua\\\/#primaryimage\"},\"thumbnailUrl\":\"https:\\\/\\\/sites.uef.fi\\\/kuopionylioppilaskuoro\\\/wp-content\\\/uploads\\\/sites\\\/92\\\/2020\\\/11\\\/WhatsApp-Image-2020-11-11-at-10.08.25.jpeg\",\"keywords\":[\"joulu\",\"joulukonsertti\"],\"articleSection\":[\"Uutiset\"],\"inLanguage\":\"fi\"},{\"@type\":\"WebPage\",\"@id\":\"https:\\\/\\\/sites.uef.fi\\\/kuopionylioppilaskuoro\\\/2020\\\/11\\\/23\\\/30-vuotias-uef-kuopion-ylioppilaskuoro-esittaa-juhlavaa-joulua\\\/\",\"url\":\"https:\\\/\\\/sites.uef.fi\\\/kuopionylioppilaskuoro\\\/2020\\\/11\\\/23\\\/30-vuotias-uef-kuopion-ylioppilaskuoro-esittaa-juhlavaa-joulua\\\/\",\"name\":\"30-vuotias UEF Kuopion ylioppilaskuoro esitt\u00e4\u00e4: Juhlavaa joulua! - UEF Kuopion Ylioppilaskuoro\",\"isPartOf\":{\"@id\":\"https:\\\/\\\/sites.uef.fi\\\/kuopionylioppilaskuoro\\\/#website\"},\"primaryImageOfPage\":{\"@id\":\"https:\\\/\\\/sites.uef.fi\\\/kuopionylioppilaskuoro\\\/2020\\\/11\\\/23\\\/30-vuotias-uef-kuopion-ylioppilaskuoro-esittaa-juhlavaa-joulua\\\/#primaryimage\"},\"image\":{\"@id\":\"https:\\\/\\\/sites.uef.fi\\\/kuopionylioppilaskuoro\\\/2020\\\/11\\\/23\\\/30-vuotias-uef-kuopion-ylioppilaskuoro-esittaa-juhlavaa-joulua\\\/#primaryimage\"},\"thumbnailUrl\":\"https:\\\/\\\/sites.uef.fi\\\/kuopionylioppilaskuoro\\\/wp-content\\\/uploads\\\/sites\\\/92\\\/2020\\\/11\\\/WhatsApp-Image-2020-11-11-at-10.08.25.jpeg\",\"datePublished\":\"2020-11-23T08:46:39+00:00\",\"author\":{\"@id\":\"https:\\\/\\\/sites.uef.fi\\\/kuopionylioppilaskuoro\\\/#\\\/schema\\\/person\\\/c73f689f85cafcd1d21ab0b8dbd6e259\"},\"breadcrumb\":{\"@id\":\"https:\\\/\\\/sites.uef.fi\\\/kuopionylioppilaskuoro\\\/2020\\\/11\\\/23\\\/30-vuotias-uef-kuopion-ylioppilaskuoro-esittaa-juhlavaa-joulua\\\/#breadcrumb\"},\"inLanguage\":\"fi\",\"potentialAction\":[{\"@type\":\"ReadAction\",\"target\":[\"https:\\\/\\\/sites.uef.fi\\\/kuopionylioppilaskuoro\\\/2020\\\/11\\\/23\\\/30-vuotias-uef-kuopion-ylioppilaskuoro-esittaa-juhlavaa-joulua\\\/\"]}]},{\"@type\":\"ImageObject\",\"inLanguage\":\"fi\",\"@id\":\"https:\\\/\\\/sites.uef.fi\\\/kuopionylioppilaskuoro\\\/2020\\\/11\\\/23\\\/30-vuotias-uef-kuopion-ylioppilaskuoro-esittaa-juhlavaa-joulua\\\/#primaryimage\",\"url\":\"https:\\\/\\\/sites.uef.fi\\\/kuopionylioppilaskuoro\\\/wp-content\\\/uploads\\\/sites\\\/92\\\/2020\\\/11\\\/WhatsApp-Image-2020-11-11-at-10.08.25.jpeg\",\"contentUrl\":\"https:\\\/\\\/sites.uef.fi\\\/kuopionylioppilaskuoro\\\/wp-content\\\/uploads\\\/sites\\\/92\\\/2020\\\/11\\\/WhatsApp-Image-2020-11-11-at-10.08.25.jpeg\",\"width\":1130,\"height\":1600},{\"@type\":\"BreadcrumbList\",\"@id\":\"https:\\\/\\\/sites.uef.fi\\\/kuopionylioppilaskuoro\\\/2020\\\/11\\\/23\\\/30-vuotias-uef-kuopion-ylioppilaskuoro-esittaa-juhlavaa-joulua\\\/#breadcrumb\",\"itemListElement\":[{\"@type\":\"ListItem\",\"position\":1,\"name\":\"Home\",\"item\":\"https:\\\/\\\/sites.uef.fi\\\/kuopionylioppilaskuoro\\\/\"},{\"@type\":\"ListItem\",\"position\":2,\"name\":\"30-vuotias UEF Kuopion ylioppilaskuoro esitt\u00e4\u00e4: Juhlavaa joulua!\"}]},{\"@type\":\"WebSite\",\"@id\":\"https:\\\/\\\/sites.uef.fi\\\/kuopionylioppilaskuoro\\\/#website\",\"url\":\"https:\\\/\\\/sites.uef.fi\\\/kuopionylioppilaskuoro\\\/\",\"name\":\"UEF Kuopion Ylioppilaskuoro\",\"description\":\"\",\"potentialAction\":[{\"@type\":\"SearchAction\",\"target\":{\"@type\":\"EntryPoint\",\"urlTemplate\":\"https:\\\/\\\/sites.uef.fi\\\/kuopionylioppilaskuoro\\\/?s={search_term_string}\"},\"query-input\":{\"@type\":\"PropertyValueSpecification\",\"valueRequired\":true,\"valueName\":\"search_term_string\"}}],\"inLanguage\":\"fi\"},{\"@type\":\"Person\",\"@id\":\"https:\\\/\\\/sites.uef.fi\\\/kuopionylioppilaskuoro\\\/#\\\/schema\\\/person\\\/c73f689f85cafcd1d21ab0b8dbd6e259\",\"name\":\"sarales\",\"image\":{\"@type\":\"ImageObject\",\"inLanguage\":\"fi\",\"@id\":\"https:\\\/\\\/secure.gravatar.com\\\/avatar\\\/70db9a42a37b64c5c729602f4d3fede2a667628e61dfea437ee0c557e5656618?s=96&d=mm&r=g\",\"url\":\"https:\\\/\\\/secure.gravatar.com\\\/avatar\\\/70db9a42a37b64c5c729602f4d3fede2a667628e61dfea437ee0c557e5656618?s=96&d=mm&r=g\",\"contentUrl\":\"https:\\\/\\\/secure.gravatar.com\\\/avatar\\\/70db9a42a37b64c5c729602f4d3fede2a667628e61dfea437ee0c557e5656618?s=96&d=mm&r=g\",\"caption\":\"sarales\"},\"url\":\"https:\\\/\\\/sites.uef.fi\\\/kuopionylioppilaskuoro\\\/author\\\/sarales\\\/\"}]}<\/script>\n<!-- \/ Yoast SEO plugin. -->","yoast_head_json":{"title":"30-vuotias UEF Kuopion ylioppilaskuoro esitt\u00e4\u00e4: Juhlavaa joulua! - UEF Kuopion Ylioppilaskuoro","robots":{"index":"index","follow":"follow","max-snippet":"max-snippet:-1","max-image-preview":"max-image-preview:large","max-video-preview":"max-video-preview:-1"},"canonical":"https:\/\/sites.uef.fi\/kuopionylioppilaskuoro\/2020\/11\/23\/30-vuotias-uef-kuopion-ylioppilaskuoro-esittaa-juhlavaa-joulua\/","og_locale":"fi_FI","og_type":"article","og_title":"30-vuotias UEF Kuopion ylioppilaskuoro esitt\u00e4\u00e4: Juhlavaa joulua! - UEF Kuopion Ylioppilaskuoro","og_description":"UEF Kuopion ylioppilaskuoro juhlii 30-vuotista taivaltaan joulukonsertin merkeiss\u00e4! &nbsp; Konsertti j\u00e4rjestet\u00e4\u00e4n t\u00e4n\u00e4 vuonna striimattuna livekonserttina, joten jokainen halukas voi nauttia kuoromusiikista vaikka omalta kotisohvaltaan. Katseluun tarvitaan vain soveltuva laite verkkoyhteydell\u00e4 (esimerkiksi k\u00e4nnykk\u00e4, tietokone tai tabletti). Konsertti suoratoistetaan kuoron Youtube-kanavalla ja sen katselu on ilmaista. Kuoroa johtaa Richard Nicholls. Konsertti j\u00e4rjestet\u00e4\u00e4n: 8.12.2020 klo 18:00 kuoron Youtube-kanavalla. [&hellip;]","og_url":"https:\/\/sites.uef.fi\/kuopionylioppilaskuoro\/2020\/11\/23\/30-vuotias-uef-kuopion-ylioppilaskuoro-esittaa-juhlavaa-joulua\/","og_site_name":"UEF Kuopion Ylioppilaskuoro","article_published_time":"2020-11-23T08:46:39+00:00","og_image":[{"url":"https:\/\/sites.uef.fi\/kuopionylioppilaskuoro\/wp-content\/uploads\/sites\/92\/2020\/11\/WhatsApp-Image-2020-11-11-at-10.08.25.jpeg","type":"","width":"","height":""}],"author":"sarales","twitter_card":"summary_large_image","twitter_misc":{"Kirjoittanut":"sarales"},"schema":{"@context":"https:\/\/schema.org","@graph":[{"@type":"Article","@id":"https:\/\/sites.uef.fi\/kuopionylioppilaskuoro\/2020\/11\/23\/30-vuotias-uef-kuopion-ylioppilaskuoro-esittaa-juhlavaa-joulua\/#article","isPartOf":{"@id":"https:\/\/sites.uef.fi\/kuopionylioppilaskuoro\/2020\/11\/23\/30-vuotias-uef-kuopion-ylioppilaskuoro-esittaa-juhlavaa-joulua\/"},"author":{"name":"sarales","@id":"https:\/\/sites.uef.fi\/kuopionylioppilaskuoro\/#\/schema\/person\/c73f689f85cafcd1d21ab0b8dbd6e259"},"headline":"30-vuotias UEF Kuopion ylioppilaskuoro esitt\u00e4\u00e4: Juhlavaa joulua!","datePublished":"2020-11-23T08:46:39+00:00","mainEntityOfPage":{"@id":"https:\/\/sites.uef.fi\/kuopionylioppilaskuoro\/2020\/11\/23\/30-vuotias-uef-kuopion-ylioppilaskuoro-esittaa-juhlavaa-joulua\/"},"wordCount":93,"image":{"@id":"https:\/\/sites.uef.fi\/kuopionylioppilaskuoro\/2020\/11\/23\/30-vuotias-uef-kuopion-ylioppilaskuoro-esittaa-juhlavaa-joulua\/#primaryimage"},"thumbnailUrl":"https:\/\/sites.uef.fi\/kuopionylioppilaskuoro\/wp-content\/uploads\/sites\/92\/2020\/11\/WhatsApp-Image-2020-11-11-at-10.08.25.jpeg","keywords":["joulu","joulukonsertti"],"articleSection":["Uutiset"],"inLanguage":"fi"},{"@type":"WebPage","@id":"https:\/\/sites.uef.fi\/kuopionylioppilaskuoro\/2020\/11\/23\/30-vuotias-uef-kuopion-ylioppilaskuoro-esittaa-juhlavaa-joulua\/","url":"https:\/\/sites.uef.fi\/kuopionylioppilaskuoro\/2020\/11\/23\/30-vuotias-uef-kuopion-ylioppilaskuoro-esittaa-juhlavaa-joulua\/","name":"30-vuotias UEF Kuopion ylioppilaskuoro esitt\u00e4\u00e4: Juhlavaa joulua! - UEF Kuopion Ylioppilaskuoro","isPartOf":{"@id":"https:\/\/sites.uef.fi\/kuopionylioppilaskuoro\/#website"},"primaryImageOfPage":{"@id":"https:\/\/sites.uef.fi\/kuopionylioppilaskuoro\/2020\/11\/23\/30-vuotias-uef-kuopion-ylioppilaskuoro-esittaa-juhlavaa-joulua\/#primaryimage"},"image":{"@id":"https:\/\/sites.uef.fi\/kuopionylioppilaskuoro\/2020\/11\/23\/30-vuotias-uef-kuopion-ylioppilaskuoro-esittaa-juhlavaa-joulua\/#primaryimage"},"thumbnailUrl":"https:\/\/sites.uef.fi\/kuopionylioppilaskuoro\/wp-content\/uploads\/sites\/92\/2020\/11\/WhatsApp-Image-2020-11-11-at-10.08.25.jpeg","datePublished":"2020-11-23T08:46:39+00:00","author":{"@id":"https:\/\/sites.uef.fi\/kuopionylioppilaskuoro\/#\/schema\/person\/c73f689f85cafcd1d21ab0b8dbd6e259"},"breadcrumb":{"@id":"https:\/\/sites.uef.fi\/kuopionylioppilaskuoro\/2020\/11\/23\/30-vuotias-uef-kuopion-ylioppilaskuoro-esittaa-juhlavaa-joulua\/#breadcrumb"},"inLanguage":"fi","potentialAction":[{"@type":"ReadAction","target":["https:\/\/sites.uef.fi\/kuopionylioppilaskuoro\/2020\/11\/23\/30-vuotias-uef-kuopion-ylioppilaskuoro-esittaa-juhlavaa-joulua\/"]}]},{"@type":"ImageObject","inLanguage":"fi","@id":"https:\/\/sites.uef.fi\/kuopionylioppilaskuoro\/2020\/11\/23\/30-vuotias-uef-kuopion-ylioppilaskuoro-esittaa-juhlavaa-joulua\/#primaryimage","url":"https:\/\/sites.uef.fi\/kuopionylioppilaskuoro\/wp-content\/uploads\/sites\/92\/2020\/11\/WhatsApp-Image-2020-11-11-at-10.08.25.jpeg","contentUrl":"https:\/\/sites.uef.fi\/kuopionylioppilaskuoro\/wp-content\/uploads\/sites\/92\/2020\/11\/WhatsApp-Image-2020-11-11-at-10.08.25.jpeg","width":1130,"height":1600},{"@type":"BreadcrumbList","@id":"https:\/\/sites.uef.fi\/kuopionylioppilaskuoro\/2020\/11\/23\/30-vuotias-uef-kuopion-ylioppilaskuoro-esittaa-juhlavaa-joulua\/#breadcrumb","itemListElement":[{"@type":"ListItem","position":1,"name":"Home","item":"https:\/\/sites.uef.fi\/kuopionylioppilaskuoro\/"},{"@type":"ListItem","position":2,"name":"30-vuotias UEF Kuopion ylioppilaskuoro esitt\u00e4\u00e4: Juhlavaa joulua!"}]},{"@type":"WebSite","@id":"https:\/\/sites.uef.fi\/kuopionylioppilaskuoro\/#website","url":"https:\/\/sites.uef.fi\/kuopionylioppilaskuoro\/","name":"UEF Kuopion Ylioppilaskuoro","description":"","potentialAction":[{"@type":"SearchAction","target":{"@type":"EntryPoint","urlTemplate":"https:\/\/sites.uef.fi\/kuopionylioppilaskuoro\/?s={search_term_string}"},"query-input":{"@type":"PropertyValueSpecification","valueRequired":true,"valueName":"search_term_string"}}],"inLanguage":"fi"},{"@type":"Person","@id":"https:\/\/sites.uef.fi\/kuopionylioppilaskuoro\/#\/schema\/person\/c73f689f85cafcd1d21ab0b8dbd6e259","name":"sarales","image":{"@type":"ImageObject","inLanguage":"fi","@id":"https:\/\/secure.gravatar.com\/avatar\/70db9a42a37b64c5c729602f4d3fede2a667628e61dfea437ee0c557e5656618?s=96&d=mm&r=g","url":"https:\/\/secure.gravatar.com\/avatar\/70db9a42a37b64c5c729602f4d3fede2a667628e61dfea437ee0c557e5656618?s=96&d=mm&r=g","contentUrl":"https:\/\/secure.gravatar.com\/avatar\/70db9a42a37b64c5c729602f4d3fede2a667628e61dfea437ee0c557e5656618?s=96&d=mm&r=g","caption":"sarales"},"url":"https:\/\/sites.uef.fi\/kuopionylioppilaskuoro\/author\/sarales\/"}]}},"_links":{"self":[{"href":"https:\/\/sites.uef.fi\/kuopionylioppilaskuoro\/wp-json\/wp\/v2\/posts\/558","targetHints":{"allow":["GET"]}}],"collection":[{"href":"https:\/\/sites.uef.fi\/kuopionylioppilaskuoro\/wp-json\/wp\/v2\/posts"}],"about":[{"href":"https:\/\/sites.uef.fi\/kuopionylioppilaskuoro\/wp-json\/wp\/v2\/types\/post"}],"author":[{"embeddable":true,"href":"https:\/\/sites.uef.fi\/kuopionylioppilaskuoro\/wp-json\/wp\/v2\/users\/190"}],"replies":[{"embeddable":true,"href":"https:\/\/sites.uef.fi\/kuopionylioppilaskuoro\/wp-json\/wp\/v2\/comments?post=558"}],"version-history":[{"count":2,"href":"https:\/\/sites.uef.fi\/kuopionylioppilaskuoro\/wp-json\/wp\/v2\/posts\/558\/revisions"}],"predecessor-version":[{"id":591,"href":"https:\/\/sites.uef.fi\/kuopionylioppilaskuoro\/wp-json\/wp\/v2\/posts\/558\/revisions\/591"}],"wp:attachment":[{"href":"https:\/\/sites.uef.fi\/kuopionylioppilaskuoro\/wp-json\/wp\/v2\/media?parent=558"}],"wp:term":[{"taxonomy":"category","embeddable":true,"href":"https:\/\/sites.uef.fi\/kuopionylioppilaskuoro\/wp-json\/wp\/v2\/categories?post=558"},{"taxonomy":"post_tag","embeddable":true,"href":"https:\/\/sites.uef.fi\/kuopionylioppilaskuoro\/wp-json\/wp\/v2\/tags?post=558"}],"curies":[{"name":"wp","href":"https:\/\/api.w.org\/{rel}","templated":true}]}}