{"id":626,"date":"2021-01-14T16:20:23","date_gmt":"2021-01-14T14:20:23","guid":{"rendered":"https:\/\/sites.uef.fi\/kuopionylioppilaskuoro\/?p=626"},"modified":"2021-01-14T16:20:23","modified_gmt":"2021-01-14T14:20:23","slug":"kuoron-hallitus-vuodelle-21-valittiin-syyskokouksessa","status":"publish","type":"post","link":"https:\/\/sites.uef.fi\/kuopionylioppilaskuoro\/2021\/01\/14\/kuoron-hallitus-vuodelle-21-valittiin-syyskokouksessa\/","title":{"rendered":"Kuoron hallitus vuodelle -21 valittiin syyskokouksessa"},"content":{"rendered":"<p>Kuoron syyskokous j\u00e4rjestettiin 17.11.2020. Kokouksessa hyv\u00e4ksyttiin toimintasuunnitelma, talousarvio ja j\u00e4senmaksu vuodelle 2021.<\/p>\n<p>Lis\u00e4ksi valittiin puheenjohtaja ja hallitus tulevalle vuodelle. Puheenjohtajaksi valittiin Satu Voutilainen. Muut hallituksen j\u00e4senet ovat Juho Ronkainen, Heta Orava, Sara Leskinen, Maria Rissanen, Mikaela Mughal ja Maija K\u00e4rkk\u00e4inen. Varaj\u00e4seniksi valittiin Markus R\u00e4s\u00e4nen ja Saara Kultamaa. Onnea valituille!<\/p>\n","protected":false},"excerpt":{"rendered":"<p>Kuoron syyskokous j\u00e4rjestettiin 17.11.2020. Kokouksessa hyv\u00e4ksyttiin toimintasuunnitelma, talousarvio ja j\u00e4senmaksu vuodelle 2021. Lis\u00e4ksi valittiin puheenjohtaja ja hallitus tulevalle vuodelle. Puheenjohtajaksi valittiin Satu Voutilainen. Muut hallituksen j\u00e4senet ovat Juho Ronkainen, Heta Orava, Sara Leskinen, Maria Rissanen, Mikaela Mughal ja Maija K\u00e4rkk\u00e4inen. Varaj\u00e4seniksi valittiin Markus R\u00e4s\u00e4nen ja Saara Kultamaa. Onnea valituille!<\/p>\n","protected":false},"author":190,"featured_media":0,"comment_status":"closed","ping_status":"closed","sticky":false,"template":"","format":"standard","meta":{"_acf_changed":false,"footnotes":""},"categories":[13],"tags":[],"class_list":["post-626","post","type-post","status-publish","format-standard","hentry","category-uutiset"],"acf":[],"yoast_head":"<!-- This site is optimized with the Yoast SEO plugin v27.3 - https:\/\/yoast.com\/product\/yoast-seo-wordpress\/ -->\n<title>Kuoron hallitus vuodelle -21 valittiin syyskokouksessa - UEF Kuopion Ylioppilaskuoro<\/title>\n<meta name=\"robots\" content=\"index, follow, max-snippet:-1, max-image-preview:large, max-video-preview:-1\" \/>\n<link rel=\"canonical\" href=\"https:\/\/sites.uef.fi\/kuopionylioppilaskuoro\/2021\/01\/14\/kuoron-hallitus-vuodelle-21-valittiin-syyskokouksessa\/\" \/>\n<meta property=\"og:locale\" content=\"fi_FI\" \/>\n<meta property=\"og:type\" content=\"article\" \/>\n<meta property=\"og:title\" content=\"Kuoron hallitus vuodelle -21 valittiin syyskokouksessa - UEF Kuopion Ylioppilaskuoro\" \/>\n<meta property=\"og:description\" content=\"Kuoron syyskokous j\u00e4rjestettiin 17.11.2020. Kokouksessa hyv\u00e4ksyttiin toimintasuunnitelma, talousarvio ja j\u00e4senmaksu vuodelle 2021. Lis\u00e4ksi valittiin puheenjohtaja ja hallitus tulevalle vuodelle. Puheenjohtajaksi valittiin Satu Voutilainen. Muut hallituksen j\u00e4senet ovat Juho Ronkainen, Heta Orava, Sara Leskinen, Maria Rissanen, Mikaela Mughal ja Maija K\u00e4rkk\u00e4inen. Varaj\u00e4seniksi valittiin Markus R\u00e4s\u00e4nen ja Saara Kultamaa. Onnea valituille!\" \/>\n<meta property=\"og:url\" content=\"https:\/\/sites.uef.fi\/kuopionylioppilaskuoro\/2021\/01\/14\/kuoron-hallitus-vuodelle-21-valittiin-syyskokouksessa\/\" \/>\n<meta property=\"og:site_name\" content=\"UEF Kuopion Ylioppilaskuoro\" \/>\n<meta property=\"article:published_time\" content=\"2021-01-14T14:20:23+00:00\" \/>\n<meta name=\"author\" content=\"sarales\" \/>\n<meta name=\"twitter:card\" content=\"summary_large_image\" \/>\n<meta name=\"twitter:label1\" content=\"Kirjoittanut\" \/>\n\t<meta name=\"twitter:data1\" content=\"sarales\" \/>\n<script type=\"application\/ld+json\" class=\"yoast-schema-graph\">{\"@context\":\"https:\\\/\\\/schema.org\",\"@graph\":[{\"@type\":\"Article\",\"@id\":\"https:\\\/\\\/sites.uef.fi\\\/kuopionylioppilaskuoro\\\/2021\\\/01\\\/14\\\/kuoron-hallitus-vuodelle-21-valittiin-syyskokouksessa\\\/#article\",\"isPartOf\":{\"@id\":\"https:\\\/\\\/sites.uef.fi\\\/kuopionylioppilaskuoro\\\/2021\\\/01\\\/14\\\/kuoron-hallitus-vuodelle-21-valittiin-syyskokouksessa\\\/\"},\"author\":{\"name\":\"sarales\",\"@id\":\"https:\\\/\\\/sites.uef.fi\\\/kuopionylioppilaskuoro\\\/#\\\/schema\\\/person\\\/c73f689f85cafcd1d21ab0b8dbd6e259\"},\"headline\":\"Kuoron hallitus vuodelle -21 valittiin syyskokouksessa\",\"datePublished\":\"2021-01-14T14:20:23+00:00\",\"mainEntityOfPage\":{\"@id\":\"https:\\\/\\\/sites.uef.fi\\\/kuopionylioppilaskuoro\\\/2021\\\/01\\\/14\\\/kuoron-hallitus-vuodelle-21-valittiin-syyskokouksessa\\\/\"},\"wordCount\":63,\"articleSection\":[\"Uutiset\"],\"inLanguage\":\"fi\"},{\"@type\":\"WebPage\",\"@id\":\"https:\\\/\\\/sites.uef.fi\\\/kuopionylioppilaskuoro\\\/2021\\\/01\\\/14\\\/kuoron-hallitus-vuodelle-21-valittiin-syyskokouksessa\\\/\",\"url\":\"https:\\\/\\\/sites.uef.fi\\\/kuopionylioppilaskuoro\\\/2021\\\/01\\\/14\\\/kuoron-hallitus-vuodelle-21-valittiin-syyskokouksessa\\\/\",\"name\":\"Kuoron hallitus vuodelle -21 valittiin syyskokouksessa - UEF Kuopion Ylioppilaskuoro\",\"isPartOf\":{\"@id\":\"https:\\\/\\\/sites.uef.fi\\\/kuopionylioppilaskuoro\\\/#website\"},\"datePublished\":\"2021-01-14T14:20:23+00:00\",\"author\":{\"@id\":\"https:\\\/\\\/sites.uef.fi\\\/kuopionylioppilaskuoro\\\/#\\\/schema\\\/person\\\/c73f689f85cafcd1d21ab0b8dbd6e259\"},\"breadcrumb\":{\"@id\":\"https:\\\/\\\/sites.uef.fi\\\/kuopionylioppilaskuoro\\\/2021\\\/01\\\/14\\\/kuoron-hallitus-vuodelle-21-valittiin-syyskokouksessa\\\/#breadcrumb\"},\"inLanguage\":\"fi\",\"potentialAction\":[{\"@type\":\"ReadAction\",\"target\":[\"https:\\\/\\\/sites.uef.fi\\\/kuopionylioppilaskuoro\\\/2021\\\/01\\\/14\\\/kuoron-hallitus-vuodelle-21-valittiin-syyskokouksessa\\\/\"]}]},{\"@type\":\"BreadcrumbList\",\"@id\":\"https:\\\/\\\/sites.uef.fi\\\/kuopionylioppilaskuoro\\\/2021\\\/01\\\/14\\\/kuoron-hallitus-vuodelle-21-valittiin-syyskokouksessa\\\/#breadcrumb\",\"itemListElement\":[{\"@type\":\"ListItem\",\"position\":1,\"name\":\"Home\",\"item\":\"https:\\\/\\\/sites.uef.fi\\\/kuopionylioppilaskuoro\\\/\"},{\"@type\":\"ListItem\",\"position\":2,\"name\":\"Kuoron hallitus vuodelle -21 valittiin syyskokouksessa\"}]},{\"@type\":\"WebSite\",\"@id\":\"https:\\\/\\\/sites.uef.fi\\\/kuopionylioppilaskuoro\\\/#website\",\"url\":\"https:\\\/\\\/sites.uef.fi\\\/kuopionylioppilaskuoro\\\/\",\"name\":\"UEF Kuopion Ylioppilaskuoro\",\"description\":\"\",\"potentialAction\":[{\"@type\":\"SearchAction\",\"target\":{\"@type\":\"EntryPoint\",\"urlTemplate\":\"https:\\\/\\\/sites.uef.fi\\\/kuopionylioppilaskuoro\\\/?s={search_term_string}\"},\"query-input\":{\"@type\":\"PropertyValueSpecification\",\"valueRequired\":true,\"valueName\":\"search_term_string\"}}],\"inLanguage\":\"fi\"},{\"@type\":\"Person\",\"@id\":\"https:\\\/\\\/sites.uef.fi\\\/kuopionylioppilaskuoro\\\/#\\\/schema\\\/person\\\/c73f689f85cafcd1d21ab0b8dbd6e259\",\"name\":\"sarales\",\"image\":{\"@type\":\"ImageObject\",\"inLanguage\":\"fi\",\"@id\":\"https:\\\/\\\/secure.gravatar.com\\\/avatar\\\/70db9a42a37b64c5c729602f4d3fede2a667628e61dfea437ee0c557e5656618?s=96&d=mm&r=g\",\"url\":\"https:\\\/\\\/secure.gravatar.com\\\/avatar\\\/70db9a42a37b64c5c729602f4d3fede2a667628e61dfea437ee0c557e5656618?s=96&d=mm&r=g\",\"contentUrl\":\"https:\\\/\\\/secure.gravatar.com\\\/avatar\\\/70db9a42a37b64c5c729602f4d3fede2a667628e61dfea437ee0c557e5656618?s=96&d=mm&r=g\",\"caption\":\"sarales\"},\"url\":\"https:\\\/\\\/sites.uef.fi\\\/kuopionylioppilaskuoro\\\/author\\\/sarales\\\/\"}]}<\/script>\n<!-- \/ Yoast SEO plugin. -->","yoast_head_json":{"title":"Kuoron hallitus vuodelle -21 valittiin syyskokouksessa - UEF Kuopion Ylioppilaskuoro","robots":{"index":"index","follow":"follow","max-snippet":"max-snippet:-1","max-image-preview":"max-image-preview:large","max-video-preview":"max-video-preview:-1"},"canonical":"https:\/\/sites.uef.fi\/kuopionylioppilaskuoro\/2021\/01\/14\/kuoron-hallitus-vuodelle-21-valittiin-syyskokouksessa\/","og_locale":"fi_FI","og_type":"article","og_title":"Kuoron hallitus vuodelle -21 valittiin syyskokouksessa - UEF Kuopion Ylioppilaskuoro","og_description":"Kuoron syyskokous j\u00e4rjestettiin 17.11.2020. Kokouksessa hyv\u00e4ksyttiin toimintasuunnitelma, talousarvio ja j\u00e4senmaksu vuodelle 2021. Lis\u00e4ksi valittiin puheenjohtaja ja hallitus tulevalle vuodelle. Puheenjohtajaksi valittiin Satu Voutilainen. Muut hallituksen j\u00e4senet ovat Juho Ronkainen, Heta Orava, Sara Leskinen, Maria Rissanen, Mikaela Mughal ja Maija K\u00e4rkk\u00e4inen. Varaj\u00e4seniksi valittiin Markus R\u00e4s\u00e4nen ja Saara Kultamaa. Onnea valituille!","og_url":"https:\/\/sites.uef.fi\/kuopionylioppilaskuoro\/2021\/01\/14\/kuoron-hallitus-vuodelle-21-valittiin-syyskokouksessa\/","og_site_name":"UEF Kuopion Ylioppilaskuoro","article_published_time":"2021-01-14T14:20:23+00:00","author":"sarales","twitter_card":"summary_large_image","twitter_misc":{"Kirjoittanut":"sarales"},"schema":{"@context":"https:\/\/schema.org","@graph":[{"@type":"Article","@id":"https:\/\/sites.uef.fi\/kuopionylioppilaskuoro\/2021\/01\/14\/kuoron-hallitus-vuodelle-21-valittiin-syyskokouksessa\/#article","isPartOf":{"@id":"https:\/\/sites.uef.fi\/kuopionylioppilaskuoro\/2021\/01\/14\/kuoron-hallitus-vuodelle-21-valittiin-syyskokouksessa\/"},"author":{"name":"sarales","@id":"https:\/\/sites.uef.fi\/kuopionylioppilaskuoro\/#\/schema\/person\/c73f689f85cafcd1d21ab0b8dbd6e259"},"headline":"Kuoron hallitus vuodelle -21 valittiin syyskokouksessa","datePublished":"2021-01-14T14:20:23+00:00","mainEntityOfPage":{"@id":"https:\/\/sites.uef.fi\/kuopionylioppilaskuoro\/2021\/01\/14\/kuoron-hallitus-vuodelle-21-valittiin-syyskokouksessa\/"},"wordCount":63,"articleSection":["Uutiset"],"inLanguage":"fi"},{"@type":"WebPage","@id":"https:\/\/sites.uef.fi\/kuopionylioppilaskuoro\/2021\/01\/14\/kuoron-hallitus-vuodelle-21-valittiin-syyskokouksessa\/","url":"https:\/\/sites.uef.fi\/kuopionylioppilaskuoro\/2021\/01\/14\/kuoron-hallitus-vuodelle-21-valittiin-syyskokouksessa\/","name":"Kuoron hallitus vuodelle -21 valittiin syyskokouksessa - UEF Kuopion Ylioppilaskuoro","isPartOf":{"@id":"https:\/\/sites.uef.fi\/kuopionylioppilaskuoro\/#website"},"datePublished":"2021-01-14T14:20:23+00:00","author":{"@id":"https:\/\/sites.uef.fi\/kuopionylioppilaskuoro\/#\/schema\/person\/c73f689f85cafcd1d21ab0b8dbd6e259"},"breadcrumb":{"@id":"https:\/\/sites.uef.fi\/kuopionylioppilaskuoro\/2021\/01\/14\/kuoron-hallitus-vuodelle-21-valittiin-syyskokouksessa\/#breadcrumb"},"inLanguage":"fi","potentialAction":[{"@type":"ReadAction","target":["https:\/\/sites.uef.fi\/kuopionylioppilaskuoro\/2021\/01\/14\/kuoron-hallitus-vuodelle-21-valittiin-syyskokouksessa\/"]}]},{"@type":"BreadcrumbList","@id":"https:\/\/sites.uef.fi\/kuopionylioppilaskuoro\/2021\/01\/14\/kuoron-hallitus-vuodelle-21-valittiin-syyskokouksessa\/#breadcrumb","itemListElement":[{"@type":"ListItem","position":1,"name":"Home","item":"https:\/\/sites.uef.fi\/kuopionylioppilaskuoro\/"},{"@type":"ListItem","position":2,"name":"Kuoron hallitus vuodelle -21 valittiin syyskokouksessa"}]},{"@type":"WebSite","@id":"https:\/\/sites.uef.fi\/kuopionylioppilaskuoro\/#website","url":"https:\/\/sites.uef.fi\/kuopionylioppilaskuoro\/","name":"UEF Kuopion Ylioppilaskuoro","description":"","potentialAction":[{"@type":"SearchAction","target":{"@type":"EntryPoint","urlTemplate":"https:\/\/sites.uef.fi\/kuopionylioppilaskuoro\/?s={search_term_string}"},"query-input":{"@type":"PropertyValueSpecification","valueRequired":true,"valueName":"search_term_string"}}],"inLanguage":"fi"},{"@type":"Person","@id":"https:\/\/sites.uef.fi\/kuopionylioppilaskuoro\/#\/schema\/person\/c73f689f85cafcd1d21ab0b8dbd6e259","name":"sarales","image":{"@type":"ImageObject","inLanguage":"fi","@id":"https:\/\/secure.gravatar.com\/avatar\/70db9a42a37b64c5c729602f4d3fede2a667628e61dfea437ee0c557e5656618?s=96&d=mm&r=g","url":"https:\/\/secure.gravatar.com\/avatar\/70db9a42a37b64c5c729602f4d3fede2a667628e61dfea437ee0c557e5656618?s=96&d=mm&r=g","contentUrl":"https:\/\/secure.gravatar.com\/avatar\/70db9a42a37b64c5c729602f4d3fede2a667628e61dfea437ee0c557e5656618?s=96&d=mm&r=g","caption":"sarales"},"url":"https:\/\/sites.uef.fi\/kuopionylioppilaskuoro\/author\/sarales\/"}]}},"_links":{"self":[{"href":"https:\/\/sites.uef.fi\/kuopionylioppilaskuoro\/wp-json\/wp\/v2\/posts\/626","targetHints":{"allow":["GET"]}}],"collection":[{"href":"https:\/\/sites.uef.fi\/kuopionylioppilaskuoro\/wp-json\/wp\/v2\/posts"}],"about":[{"href":"https:\/\/sites.uef.fi\/kuopionylioppilaskuoro\/wp-json\/wp\/v2\/types\/post"}],"author":[{"embeddable":true,"href":"https:\/\/sites.uef.fi\/kuopionylioppilaskuoro\/wp-json\/wp\/v2\/users\/190"}],"replies":[{"embeddable":true,"href":"https:\/\/sites.uef.fi\/kuopionylioppilaskuoro\/wp-json\/wp\/v2\/comments?post=626"}],"version-history":[{"count":2,"href":"https:\/\/sites.uef.fi\/kuopionylioppilaskuoro\/wp-json\/wp\/v2\/posts\/626\/revisions"}],"predecessor-version":[{"id":635,"href":"https:\/\/sites.uef.fi\/kuopionylioppilaskuoro\/wp-json\/wp\/v2\/posts\/626\/revisions\/635"}],"wp:attachment":[{"href":"https:\/\/sites.uef.fi\/kuopionylioppilaskuoro\/wp-json\/wp\/v2\/media?parent=626"}],"wp:term":[{"taxonomy":"category","embeddable":true,"href":"https:\/\/sites.uef.fi\/kuopionylioppilaskuoro\/wp-json\/wp\/v2\/categories?post=626"},{"taxonomy":"post_tag","embeddable":true,"href":"https:\/\/sites.uef.fi\/kuopionylioppilaskuoro\/wp-json\/wp\/v2\/tags?post=626"}],"curies":[{"name":"wp","href":"https:\/\/api.w.org\/{rel}","templated":true}]}}