{"id":674,"date":"2021-08-03T15:03:29","date_gmt":"2021-08-03T12:03:29","guid":{"rendered":"https:\/\/sites.uef.fi\/kuopionylioppilaskuoro\/?p=674"},"modified":"2021-08-03T15:03:29","modified_gmt":"2021-08-03T12:03:29","slug":"get-together-piknik-17-8-2021","status":"publish","type":"post","link":"https:\/\/sites.uef.fi\/kuopionylioppilaskuoro\/2021\/08\/03\/get-together-piknik-17-8-2021\/","title":{"rendered":"Get Together -piknik 17.8.2021"},"content":{"rendered":"<p>UEF Kuopion<span style=\"font-size: 1rem\">\u00a0ylioppilaskuoron syyskausi p\u00e4r\u00e4ht\u00e4\u00e4 k\u00e4yntiin tiistaina 17. elokuuta piknikill\u00e4 Valkeisen puistossa (tarkempi paikka ilmoitetaan my\u00f6hemmin). Tiedossa vapaamuotoista hengailua ja keskustelua tulevasta toiminnasta. Piknikin alkupuolella pidet\u00e4<\/span><span style=\"font-size: 1rem\">\u00e4n hallituksen kokous, johon kuorolaiset ovat tervetulleita kuulemaan ja keskustelemaan kuoron toiminnasta ja suunnitelmista.<\/span><\/p>\n<p>Piknik on avoin kaikille kuorolaisille ja kuorosta kiinnostuneille, joten vinkkaathan my\u00f6s kaverille! Otathan halutessasi omat ev\u00e4\u00e4t ja juomat mukaan.<\/p>\n<p>S\u00e4\u00e4varaus!<\/p>\n<p>Ps. Syyskauden ensimm\u00e4iset harjoitukset pidet\u00e4\u00e4n ti 24.8. Canthialla CA101-salissa.<\/p>\n<p>Pps. Tulethan paikalle terveen\u00e4 ja noudattaen voimassa olevia koronaohjeita ja -rajoituksia.<\/p>\n","protected":false},"excerpt":{"rendered":"<p>UEF Kuopion\u00a0ylioppilaskuoron syyskausi p\u00e4r\u00e4ht\u00e4\u00e4 k\u00e4yntiin tiistaina 17. elokuuta piknikill\u00e4 Valkeisen puistossa (tarkempi paikka ilmoitetaan my\u00f6hemmin). Tiedossa vapaamuotoista hengailua ja keskustelua tulevasta toiminnasta. Piknikin alkupuolella pidet\u00e4\u00e4n hallituksen kokous, johon kuorolaiset ovat tervetulleita kuulemaan ja keskustelemaan kuoron toiminnasta ja suunnitelmista. Piknik on avoin kaikille kuorolaisille ja kuorosta kiinnostuneille, joten vinkkaathan my\u00f6s kaverille! Otathan halutessasi omat ev\u00e4\u00e4t ja [&hellip;]<\/p>\n","protected":false},"author":190,"featured_media":677,"comment_status":"closed","ping_status":"closed","sticky":false,"template":"","format":"standard","meta":{"_acf_changed":false,"footnotes":""},"categories":[1,13],"tags":[],"class_list":["post-674","post","type-post","status-publish","format-standard","has-post-thumbnail","hentry","category-uncategorized-fi","category-uutiset"],"acf":[],"yoast_head":"<!-- This site is optimized with the Yoast SEO plugin v27.3 - https:\/\/yoast.com\/product\/yoast-seo-wordpress\/ -->\n<title>Get Together -piknik 17.8.2021 - UEF Kuopion Ylioppilaskuoro<\/title>\n<meta name=\"robots\" content=\"index, follow, max-snippet:-1, max-image-preview:large, max-video-preview:-1\" \/>\n<link rel=\"canonical\" href=\"https:\/\/sites.uef.fi\/kuopionylioppilaskuoro\/2021\/08\/03\/get-together-piknik-17-8-2021\/\" \/>\n<meta property=\"og:locale\" content=\"fi_FI\" \/>\n<meta property=\"og:type\" content=\"article\" \/>\n<meta property=\"og:title\" content=\"Get Together -piknik 17.8.2021 - UEF Kuopion Ylioppilaskuoro\" \/>\n<meta property=\"og:description\" content=\"UEF Kuopion\u00a0ylioppilaskuoron syyskausi p\u00e4r\u00e4ht\u00e4\u00e4 k\u00e4yntiin tiistaina 17. elokuuta piknikill\u00e4 Valkeisen puistossa (tarkempi paikka ilmoitetaan my\u00f6hemmin). Tiedossa vapaamuotoista hengailua ja keskustelua tulevasta toiminnasta. Piknikin alkupuolella pidet\u00e4\u00e4n hallituksen kokous, johon kuorolaiset ovat tervetulleita kuulemaan ja keskustelemaan kuoron toiminnasta ja suunnitelmista. Piknik on avoin kaikille kuorolaisille ja kuorosta kiinnostuneille, joten vinkkaathan my\u00f6s kaverille! Otathan halutessasi omat ev\u00e4\u00e4t ja [&hellip;]\" \/>\n<meta property=\"og:url\" content=\"https:\/\/sites.uef.fi\/kuopionylioppilaskuoro\/2021\/08\/03\/get-together-piknik-17-8-2021\/\" \/>\n<meta property=\"og:site_name\" content=\"UEF Kuopion Ylioppilaskuoro\" \/>\n<meta property=\"article:published_time\" content=\"2021-08-03T12:03:29+00:00\" \/>\n<meta property=\"og:image\" content=\"https:\/\/sites.uef.fi\/kuopionylioppilaskuoro\/wp-content\/uploads\/sites\/92\/2021\/07\/Light-Green-and-Cream-Hawaiian-Facebook-Event-Cover.png\" \/>\n\t<meta property=\"og:image:width\" content=\"1920\" \/>\n\t<meta property=\"og:image:height\" content=\"1080\" \/>\n\t<meta property=\"og:image:type\" content=\"image\/png\" \/>\n<meta name=\"author\" content=\"sarales\" \/>\n<meta name=\"twitter:card\" content=\"summary_large_image\" \/>\n<meta name=\"twitter:label1\" content=\"Kirjoittanut\" \/>\n\t<meta name=\"twitter:data1\" content=\"sarales\" \/>\n<script type=\"application\/ld+json\" class=\"yoast-schema-graph\">{\"@context\":\"https:\\\/\\\/schema.org\",\"@graph\":[{\"@type\":\"Article\",\"@id\":\"https:\\\/\\\/sites.uef.fi\\\/kuopionylioppilaskuoro\\\/2021\\\/08\\\/03\\\/get-together-piknik-17-8-2021\\\/#article\",\"isPartOf\":{\"@id\":\"https:\\\/\\\/sites.uef.fi\\\/kuopionylioppilaskuoro\\\/2021\\\/08\\\/03\\\/get-together-piknik-17-8-2021\\\/\"},\"author\":{\"name\":\"sarales\",\"@id\":\"https:\\\/\\\/sites.uef.fi\\\/kuopionylioppilaskuoro\\\/#\\\/schema\\\/person\\\/c73f689f85cafcd1d21ab0b8dbd6e259\"},\"headline\":\"Get Together -piknik 17.8.2021\",\"datePublished\":\"2021-08-03T12:03:29+00:00\",\"mainEntityOfPage\":{\"@id\":\"https:\\\/\\\/sites.uef.fi\\\/kuopionylioppilaskuoro\\\/2021\\\/08\\\/03\\\/get-together-piknik-17-8-2021\\\/\"},\"wordCount\":91,\"image\":{\"@id\":\"https:\\\/\\\/sites.uef.fi\\\/kuopionylioppilaskuoro\\\/2021\\\/08\\\/03\\\/get-together-piknik-17-8-2021\\\/#primaryimage\"},\"thumbnailUrl\":\"https:\\\/\\\/sites.uef.fi\\\/kuopionylioppilaskuoro\\\/wp-content\\\/uploads\\\/sites\\\/92\\\/2021\\\/07\\\/Light-Green-and-Cream-Hawaiian-Facebook-Event-Cover.png\",\"articleSection\":[\"Uncategorized @fi\",\"Uutiset\"],\"inLanguage\":\"fi\"},{\"@type\":\"WebPage\",\"@id\":\"https:\\\/\\\/sites.uef.fi\\\/kuopionylioppilaskuoro\\\/2021\\\/08\\\/03\\\/get-together-piknik-17-8-2021\\\/\",\"url\":\"https:\\\/\\\/sites.uef.fi\\\/kuopionylioppilaskuoro\\\/2021\\\/08\\\/03\\\/get-together-piknik-17-8-2021\\\/\",\"name\":\"Get Together -piknik 17.8.2021 - UEF Kuopion Ylioppilaskuoro\",\"isPartOf\":{\"@id\":\"https:\\\/\\\/sites.uef.fi\\\/kuopionylioppilaskuoro\\\/#website\"},\"primaryImageOfPage\":{\"@id\":\"https:\\\/\\\/sites.uef.fi\\\/kuopionylioppilaskuoro\\\/2021\\\/08\\\/03\\\/get-together-piknik-17-8-2021\\\/#primaryimage\"},\"image\":{\"@id\":\"https:\\\/\\\/sites.uef.fi\\\/kuopionylioppilaskuoro\\\/2021\\\/08\\\/03\\\/get-together-piknik-17-8-2021\\\/#primaryimage\"},\"thumbnailUrl\":\"https:\\\/\\\/sites.uef.fi\\\/kuopionylioppilaskuoro\\\/wp-content\\\/uploads\\\/sites\\\/92\\\/2021\\\/07\\\/Light-Green-and-Cream-Hawaiian-Facebook-Event-Cover.png\",\"datePublished\":\"2021-08-03T12:03:29+00:00\",\"author\":{\"@id\":\"https:\\\/\\\/sites.uef.fi\\\/kuopionylioppilaskuoro\\\/#\\\/schema\\\/person\\\/c73f689f85cafcd1d21ab0b8dbd6e259\"},\"breadcrumb\":{\"@id\":\"https:\\\/\\\/sites.uef.fi\\\/kuopionylioppilaskuoro\\\/2021\\\/08\\\/03\\\/get-together-piknik-17-8-2021\\\/#breadcrumb\"},\"inLanguage\":\"fi\",\"potentialAction\":[{\"@type\":\"ReadAction\",\"target\":[\"https:\\\/\\\/sites.uef.fi\\\/kuopionylioppilaskuoro\\\/2021\\\/08\\\/03\\\/get-together-piknik-17-8-2021\\\/\"]}]},{\"@type\":\"ImageObject\",\"inLanguage\":\"fi\",\"@id\":\"https:\\\/\\\/sites.uef.fi\\\/kuopionylioppilaskuoro\\\/2021\\\/08\\\/03\\\/get-together-piknik-17-8-2021\\\/#primaryimage\",\"url\":\"https:\\\/\\\/sites.uef.fi\\\/kuopionylioppilaskuoro\\\/wp-content\\\/uploads\\\/sites\\\/92\\\/2021\\\/07\\\/Light-Green-and-Cream-Hawaiian-Facebook-Event-Cover.png\",\"contentUrl\":\"https:\\\/\\\/sites.uef.fi\\\/kuopionylioppilaskuoro\\\/wp-content\\\/uploads\\\/sites\\\/92\\\/2021\\\/07\\\/Light-Green-and-Cream-Hawaiian-Facebook-Event-Cover.png\",\"width\":1920,\"height\":1080},{\"@type\":\"BreadcrumbList\",\"@id\":\"https:\\\/\\\/sites.uef.fi\\\/kuopionylioppilaskuoro\\\/2021\\\/08\\\/03\\\/get-together-piknik-17-8-2021\\\/#breadcrumb\",\"itemListElement\":[{\"@type\":\"ListItem\",\"position\":1,\"name\":\"Home\",\"item\":\"https:\\\/\\\/sites.uef.fi\\\/kuopionylioppilaskuoro\\\/\"},{\"@type\":\"ListItem\",\"position\":2,\"name\":\"Get Together -piknik 17.8.2021\"}]},{\"@type\":\"WebSite\",\"@id\":\"https:\\\/\\\/sites.uef.fi\\\/kuopionylioppilaskuoro\\\/#website\",\"url\":\"https:\\\/\\\/sites.uef.fi\\\/kuopionylioppilaskuoro\\\/\",\"name\":\"UEF Kuopion Ylioppilaskuoro\",\"description\":\"\",\"potentialAction\":[{\"@type\":\"SearchAction\",\"target\":{\"@type\":\"EntryPoint\",\"urlTemplate\":\"https:\\\/\\\/sites.uef.fi\\\/kuopionylioppilaskuoro\\\/?s={search_term_string}\"},\"query-input\":{\"@type\":\"PropertyValueSpecification\",\"valueRequired\":true,\"valueName\":\"search_term_string\"}}],\"inLanguage\":\"fi\"},{\"@type\":\"Person\",\"@id\":\"https:\\\/\\\/sites.uef.fi\\\/kuopionylioppilaskuoro\\\/#\\\/schema\\\/person\\\/c73f689f85cafcd1d21ab0b8dbd6e259\",\"name\":\"sarales\",\"image\":{\"@type\":\"ImageObject\",\"inLanguage\":\"fi\",\"@id\":\"https:\\\/\\\/secure.gravatar.com\\\/avatar\\\/70db9a42a37b64c5c729602f4d3fede2a667628e61dfea437ee0c557e5656618?s=96&d=mm&r=g\",\"url\":\"https:\\\/\\\/secure.gravatar.com\\\/avatar\\\/70db9a42a37b64c5c729602f4d3fede2a667628e61dfea437ee0c557e5656618?s=96&d=mm&r=g\",\"contentUrl\":\"https:\\\/\\\/secure.gravatar.com\\\/avatar\\\/70db9a42a37b64c5c729602f4d3fede2a667628e61dfea437ee0c557e5656618?s=96&d=mm&r=g\",\"caption\":\"sarales\"},\"url\":\"https:\\\/\\\/sites.uef.fi\\\/kuopionylioppilaskuoro\\\/author\\\/sarales\\\/\"}]}<\/script>\n<!-- \/ Yoast SEO plugin. -->","yoast_head_json":{"title":"Get Together -piknik 17.8.2021 - UEF Kuopion Ylioppilaskuoro","robots":{"index":"index","follow":"follow","max-snippet":"max-snippet:-1","max-image-preview":"max-image-preview:large","max-video-preview":"max-video-preview:-1"},"canonical":"https:\/\/sites.uef.fi\/kuopionylioppilaskuoro\/2021\/08\/03\/get-together-piknik-17-8-2021\/","og_locale":"fi_FI","og_type":"article","og_title":"Get Together -piknik 17.8.2021 - UEF Kuopion Ylioppilaskuoro","og_description":"UEF Kuopion\u00a0ylioppilaskuoron syyskausi p\u00e4r\u00e4ht\u00e4\u00e4 k\u00e4yntiin tiistaina 17. elokuuta piknikill\u00e4 Valkeisen puistossa (tarkempi paikka ilmoitetaan my\u00f6hemmin). Tiedossa vapaamuotoista hengailua ja keskustelua tulevasta toiminnasta. Piknikin alkupuolella pidet\u00e4\u00e4n hallituksen kokous, johon kuorolaiset ovat tervetulleita kuulemaan ja keskustelemaan kuoron toiminnasta ja suunnitelmista. Piknik on avoin kaikille kuorolaisille ja kuorosta kiinnostuneille, joten vinkkaathan my\u00f6s kaverille! Otathan halutessasi omat ev\u00e4\u00e4t ja [&hellip;]","og_url":"https:\/\/sites.uef.fi\/kuopionylioppilaskuoro\/2021\/08\/03\/get-together-piknik-17-8-2021\/","og_site_name":"UEF Kuopion Ylioppilaskuoro","article_published_time":"2021-08-03T12:03:29+00:00","og_image":[{"width":1920,"height":1080,"url":"https:\/\/sites.uef.fi\/kuopionylioppilaskuoro\/wp-content\/uploads\/sites\/92\/2021\/07\/Light-Green-and-Cream-Hawaiian-Facebook-Event-Cover.png","type":"image\/png"}],"author":"sarales","twitter_card":"summary_large_image","twitter_misc":{"Kirjoittanut":"sarales"},"schema":{"@context":"https:\/\/schema.org","@graph":[{"@type":"Article","@id":"https:\/\/sites.uef.fi\/kuopionylioppilaskuoro\/2021\/08\/03\/get-together-piknik-17-8-2021\/#article","isPartOf":{"@id":"https:\/\/sites.uef.fi\/kuopionylioppilaskuoro\/2021\/08\/03\/get-together-piknik-17-8-2021\/"},"author":{"name":"sarales","@id":"https:\/\/sites.uef.fi\/kuopionylioppilaskuoro\/#\/schema\/person\/c73f689f85cafcd1d21ab0b8dbd6e259"},"headline":"Get Together -piknik 17.8.2021","datePublished":"2021-08-03T12:03:29+00:00","mainEntityOfPage":{"@id":"https:\/\/sites.uef.fi\/kuopionylioppilaskuoro\/2021\/08\/03\/get-together-piknik-17-8-2021\/"},"wordCount":91,"image":{"@id":"https:\/\/sites.uef.fi\/kuopionylioppilaskuoro\/2021\/08\/03\/get-together-piknik-17-8-2021\/#primaryimage"},"thumbnailUrl":"https:\/\/sites.uef.fi\/kuopionylioppilaskuoro\/wp-content\/uploads\/sites\/92\/2021\/07\/Light-Green-and-Cream-Hawaiian-Facebook-Event-Cover.png","articleSection":["Uncategorized @fi","Uutiset"],"inLanguage":"fi"},{"@type":"WebPage","@id":"https:\/\/sites.uef.fi\/kuopionylioppilaskuoro\/2021\/08\/03\/get-together-piknik-17-8-2021\/","url":"https:\/\/sites.uef.fi\/kuopionylioppilaskuoro\/2021\/08\/03\/get-together-piknik-17-8-2021\/","name":"Get Together -piknik 17.8.2021 - UEF Kuopion Ylioppilaskuoro","isPartOf":{"@id":"https:\/\/sites.uef.fi\/kuopionylioppilaskuoro\/#website"},"primaryImageOfPage":{"@id":"https:\/\/sites.uef.fi\/kuopionylioppilaskuoro\/2021\/08\/03\/get-together-piknik-17-8-2021\/#primaryimage"},"image":{"@id":"https:\/\/sites.uef.fi\/kuopionylioppilaskuoro\/2021\/08\/03\/get-together-piknik-17-8-2021\/#primaryimage"},"thumbnailUrl":"https:\/\/sites.uef.fi\/kuopionylioppilaskuoro\/wp-content\/uploads\/sites\/92\/2021\/07\/Light-Green-and-Cream-Hawaiian-Facebook-Event-Cover.png","datePublished":"2021-08-03T12:03:29+00:00","author":{"@id":"https:\/\/sites.uef.fi\/kuopionylioppilaskuoro\/#\/schema\/person\/c73f689f85cafcd1d21ab0b8dbd6e259"},"breadcrumb":{"@id":"https:\/\/sites.uef.fi\/kuopionylioppilaskuoro\/2021\/08\/03\/get-together-piknik-17-8-2021\/#breadcrumb"},"inLanguage":"fi","potentialAction":[{"@type":"ReadAction","target":["https:\/\/sites.uef.fi\/kuopionylioppilaskuoro\/2021\/08\/03\/get-together-piknik-17-8-2021\/"]}]},{"@type":"ImageObject","inLanguage":"fi","@id":"https:\/\/sites.uef.fi\/kuopionylioppilaskuoro\/2021\/08\/03\/get-together-piknik-17-8-2021\/#primaryimage","url":"https:\/\/sites.uef.fi\/kuopionylioppilaskuoro\/wp-content\/uploads\/sites\/92\/2021\/07\/Light-Green-and-Cream-Hawaiian-Facebook-Event-Cover.png","contentUrl":"https:\/\/sites.uef.fi\/kuopionylioppilaskuoro\/wp-content\/uploads\/sites\/92\/2021\/07\/Light-Green-and-Cream-Hawaiian-Facebook-Event-Cover.png","width":1920,"height":1080},{"@type":"BreadcrumbList","@id":"https:\/\/sites.uef.fi\/kuopionylioppilaskuoro\/2021\/08\/03\/get-together-piknik-17-8-2021\/#breadcrumb","itemListElement":[{"@type":"ListItem","position":1,"name":"Home","item":"https:\/\/sites.uef.fi\/kuopionylioppilaskuoro\/"},{"@type":"ListItem","position":2,"name":"Get Together -piknik 17.8.2021"}]},{"@type":"WebSite","@id":"https:\/\/sites.uef.fi\/kuopionylioppilaskuoro\/#website","url":"https:\/\/sites.uef.fi\/kuopionylioppilaskuoro\/","name":"UEF Kuopion Ylioppilaskuoro","description":"","potentialAction":[{"@type":"SearchAction","target":{"@type":"EntryPoint","urlTemplate":"https:\/\/sites.uef.fi\/kuopionylioppilaskuoro\/?s={search_term_string}"},"query-input":{"@type":"PropertyValueSpecification","valueRequired":true,"valueName":"search_term_string"}}],"inLanguage":"fi"},{"@type":"Person","@id":"https:\/\/sites.uef.fi\/kuopionylioppilaskuoro\/#\/schema\/person\/c73f689f85cafcd1d21ab0b8dbd6e259","name":"sarales","image":{"@type":"ImageObject","inLanguage":"fi","@id":"https:\/\/secure.gravatar.com\/avatar\/70db9a42a37b64c5c729602f4d3fede2a667628e61dfea437ee0c557e5656618?s=96&d=mm&r=g","url":"https:\/\/secure.gravatar.com\/avatar\/70db9a42a37b64c5c729602f4d3fede2a667628e61dfea437ee0c557e5656618?s=96&d=mm&r=g","contentUrl":"https:\/\/secure.gravatar.com\/avatar\/70db9a42a37b64c5c729602f4d3fede2a667628e61dfea437ee0c557e5656618?s=96&d=mm&r=g","caption":"sarales"},"url":"https:\/\/sites.uef.fi\/kuopionylioppilaskuoro\/author\/sarales\/"}]}},"_links":{"self":[{"href":"https:\/\/sites.uef.fi\/kuopionylioppilaskuoro\/wp-json\/wp\/v2\/posts\/674","targetHints":{"allow":["GET"]}}],"collection":[{"href":"https:\/\/sites.uef.fi\/kuopionylioppilaskuoro\/wp-json\/wp\/v2\/posts"}],"about":[{"href":"https:\/\/sites.uef.fi\/kuopionylioppilaskuoro\/wp-json\/wp\/v2\/types\/post"}],"author":[{"embeddable":true,"href":"https:\/\/sites.uef.fi\/kuopionylioppilaskuoro\/wp-json\/wp\/v2\/users\/190"}],"replies":[{"embeddable":true,"href":"https:\/\/sites.uef.fi\/kuopionylioppilaskuoro\/wp-json\/wp\/v2\/comments?post=674"}],"version-history":[{"count":2,"href":"https:\/\/sites.uef.fi\/kuopionylioppilaskuoro\/wp-json\/wp\/v2\/posts\/674\/revisions"}],"predecessor-version":[{"id":695,"href":"https:\/\/sites.uef.fi\/kuopionylioppilaskuoro\/wp-json\/wp\/v2\/posts\/674\/revisions\/695"}],"wp:featuredmedia":[{"embeddable":true,"href":"https:\/\/sites.uef.fi\/kuopionylioppilaskuoro\/wp-json\/wp\/v2\/media\/677"}],"wp:attachment":[{"href":"https:\/\/sites.uef.fi\/kuopionylioppilaskuoro\/wp-json\/wp\/v2\/media?parent=674"}],"wp:term":[{"taxonomy":"category","embeddable":true,"href":"https:\/\/sites.uef.fi\/kuopionylioppilaskuoro\/wp-json\/wp\/v2\/categories?post=674"},{"taxonomy":"post_tag","embeddable":true,"href":"https:\/\/sites.uef.fi\/kuopionylioppilaskuoro\/wp-json\/wp\/v2\/tags?post=674"}],"curies":[{"name":"wp","href":"https:\/\/api.w.org\/{rel}","templated":true}]}}