{"id":767,"date":"2021-09-07T21:08:18","date_gmt":"2021-09-07T18:08:18","guid":{"rendered":"https:\/\/sites.uef.fi\/kuopionylioppilaskuoro\/?p=767"},"modified":"2021-09-17T09:30:28","modified_gmt":"2021-09-17T06:30:28","slug":"avoimet-kuoroharjoitukset-14-9-ja-21-9","status":"publish","type":"post","link":"https:\/\/sites.uef.fi\/kuopionylioppilaskuoro\/2021\/09\/07\/avoimet-kuoroharjoitukset-14-9-ja-21-9\/","title":{"rendered":"Avoimet kuoroharjoitukset 14.9. ja 28.9."},"content":{"rendered":"<div class=\"kvgmc6g5 cxmmr5t8 oygrvhab hcukyx3x c1et5uql\">Haluaisitko laulaa kanssamme tai kiinnostaisiko uusi harrastus? Etsimme j\u00e4lleen joukkoomme uusia laulajia. Mukaan p\u00e4\u00e4set osallistumalla avoimiin harjoituksiin, joissa harjoitellaan kuorolaulua kuoronjohtajan ohjauksella. T\u00e4m\u00e4n j\u00e4lkeen uudet laulajat antavat pienen \u00e4\u00e4nin\u00e4ytteen kuoronjohtajalle ja parille hallituslaiselle itse valitsemastaan kappaleesta.\u2063<br \/>\n\u2063<br \/>\nJ\u00c4RJEST\u00c4MME AVOIMIA HARJOITUKSIA SYYSKUUSSA SEURAAVASTI:\u2063<br \/>\nti 14.9. klo 18-20 SN100\u2063<br \/>\nti 28.9. klo 18-20 SN100\u2063 (HUOM! p\u00e4iv\u00e4 muuttunut, oli aiemmin 21.9.)<br \/>\n\u2063<br \/>\nMik\u00e4li et p\u00e4\u00e4se paikalle varsinaisina koelaulup\u00e4ivin\u00e4, mutta haluaisit silti liitty\u00e4 kuoroon, otathan meihin yhteytt\u00e4 esimerkiksi Facebookissa tai s\u00e4hk\u00f6postitse (yo-kuoro@student.uef.fi).\u2063<br \/>\n\u2063<br \/>\nOlemme Kuopion kampuksella toimiva sekakuoro, joka laulaa lukukausittain vaihtuvan teeman mukaisia kappaleita. J\u00e4senist\u00f6mme koostuu yliopiston nykyisist\u00e4 ja entisist\u00e4 opiskelijoista, jatko-opiskelijoista, vaihto-opiskelijoista ja ty\u00f6ntekij\u00f6ist\u00e4. Olitpa siis uunituore fuksi, pitk\u00e4n linjan tutkija tai muuten vain kytk\u00f6ksiss\u00e4 yliopistoon, olet tervetullut mukaan kuoroon!\u2063<br \/>\n\u2063<br \/>\nKuoronjohtajan esittely:\u00a0https:\/\/www.youtube.com\/watch?v=_1wAi0cCGWE&amp;t=5s\u2063<br \/>\n\u2063<br \/>\nLis\u00e4tietoja toiminnastamme l\u00f6yd\u00e4t\u2063<br \/>\n-kuoron nettisivuilta (https:\/\/sites.uef.fi\/kuopionylioppilaskuoro\/),\u2063<br \/>\n-Facebookista (http:\/\/www.facebook.com\/uefkuoro\/), sek\u00e4\u2063<br \/>\n-Instagramista (@uef_kuopion_ylioppilaskuoro).\u2063<br \/>\n\u2063<br \/>\nHUOM! Tulethan harjoituksiin terveen\u00e4. Suosittelemme kasvomaskin k\u00e4ytt\u00f6\u00e4.<\/div>\n","protected":false},"excerpt":{"rendered":"<p>Haluaisitko laulaa kanssamme tai kiinnostaisiko uusi harrastus? Etsimme j\u00e4lleen joukkoomme uusia laulajia. Mukaan p\u00e4\u00e4set osallistumalla avoimiin harjoituksiin, joissa harjoitellaan kuorolaulua kuoronjohtajan ohjauksella. T\u00e4m\u00e4n j\u00e4lkeen uudet laulajat antavat pienen \u00e4\u00e4nin\u00e4ytteen kuoronjohtajalle ja parille hallituslaiselle itse valitsemastaan kappaleesta.\u2063 \u2063 J\u00c4RJEST\u00c4MME AVOIMIA HARJOITUKSIA SYYSKUUSSA SEURAAVASTI:\u2063 ti 14.9. klo 18-20 SN100\u2063 ti 28.9. klo 18-20 SN100\u2063 (HUOM! p\u00e4iv\u00e4 muuttunut, [&hellip;]<\/p>\n","protected":false},"author":190,"featured_media":815,"comment_status":"closed","ping_status":"closed","sticky":false,"template":"","format":"standard","meta":{"_acf_changed":false,"footnotes":""},"categories":[13],"tags":[],"class_list":["post-767","post","type-post","status-publish","format-standard","has-post-thumbnail","hentry","category-uutiset"],"acf":[],"yoast_head":"<!-- This site is optimized with the Yoast SEO plugin v27.3 - https:\/\/yoast.com\/product\/yoast-seo-wordpress\/ -->\n<title>Avoimet kuoroharjoitukset 14.9. ja 28.9. - UEF Kuopion Ylioppilaskuoro<\/title>\n<meta name=\"robots\" content=\"index, follow, max-snippet:-1, max-image-preview:large, max-video-preview:-1\" \/>\n<link rel=\"canonical\" href=\"https:\/\/sites.uef.fi\/kuopionylioppilaskuoro\/2021\/09\/07\/avoimet-kuoroharjoitukset-14-9-ja-21-9\/\" \/>\n<meta property=\"og:locale\" content=\"fi_FI\" \/>\n<meta property=\"og:type\" content=\"article\" \/>\n<meta property=\"og:title\" content=\"Avoimet kuoroharjoitukset 14.9. ja 28.9. - UEF Kuopion Ylioppilaskuoro\" \/>\n<meta property=\"og:description\" content=\"Haluaisitko laulaa kanssamme tai kiinnostaisiko uusi harrastus? Etsimme j\u00e4lleen joukkoomme uusia laulajia. Mukaan p\u00e4\u00e4set osallistumalla avoimiin harjoituksiin, joissa harjoitellaan kuorolaulua kuoronjohtajan ohjauksella. T\u00e4m\u00e4n j\u00e4lkeen uudet laulajat antavat pienen \u00e4\u00e4nin\u00e4ytteen kuoronjohtajalle ja parille hallituslaiselle itse valitsemastaan kappaleesta.\u2063 \u2063 J\u00c4RJEST\u00c4MME AVOIMIA HARJOITUKSIA SYYSKUUSSA SEURAAVASTI:\u2063 ti 14.9. klo 18-20 SN100\u2063 ti 28.9. klo 18-20 SN100\u2063 (HUOM! p\u00e4iv\u00e4 muuttunut, [&hellip;]\" \/>\n<meta property=\"og:url\" content=\"https:\/\/sites.uef.fi\/kuopionylioppilaskuoro\/2021\/09\/07\/avoimet-kuoroharjoitukset-14-9-ja-21-9\/\" \/>\n<meta property=\"og:site_name\" content=\"UEF Kuopion Ylioppilaskuoro\" \/>\n<meta property=\"article:published_time\" content=\"2021-09-07T18:08:18+00:00\" \/>\n<meta property=\"article:modified_time\" content=\"2021-09-17T06:30:28+00:00\" \/>\n<meta property=\"og:image\" content=\"https:\/\/sites.uef.fi\/kuopionylioppilaskuoro\/wp-content\/uploads\/sites\/92\/2021\/09\/OPen-choir-rehearsals-1.png\" \/>\n\t<meta property=\"og:image:width\" content=\"1640\" \/>\n\t<meta property=\"og:image:height\" content=\"924\" \/>\n\t<meta property=\"og:image:type\" content=\"image\/png\" \/>\n<meta name=\"author\" content=\"sarales\" \/>\n<meta name=\"twitter:card\" content=\"summary_large_image\" \/>\n<meta name=\"twitter:label1\" content=\"Kirjoittanut\" \/>\n\t<meta name=\"twitter:data1\" content=\"sarales\" \/>\n\t<meta name=\"twitter:label2\" content=\"Arvioitu lukuaika\" \/>\n\t<meta name=\"twitter:data2\" content=\"1 minuutti\" \/>\n<script type=\"application\/ld+json\" class=\"yoast-schema-graph\">{\"@context\":\"https:\\\/\\\/schema.org\",\"@graph\":[{\"@type\":\"Article\",\"@id\":\"https:\\\/\\\/sites.uef.fi\\\/kuopionylioppilaskuoro\\\/2021\\\/09\\\/07\\\/avoimet-kuoroharjoitukset-14-9-ja-21-9\\\/#article\",\"isPartOf\":{\"@id\":\"https:\\\/\\\/sites.uef.fi\\\/kuopionylioppilaskuoro\\\/2021\\\/09\\\/07\\\/avoimet-kuoroharjoitukset-14-9-ja-21-9\\\/\"},\"author\":{\"name\":\"sarales\",\"@id\":\"https:\\\/\\\/sites.uef.fi\\\/kuopionylioppilaskuoro\\\/#\\\/schema\\\/person\\\/c73f689f85cafcd1d21ab0b8dbd6e259\"},\"headline\":\"Avoimet kuoroharjoitukset 14.9. ja 28.9.\",\"datePublished\":\"2021-09-07T18:08:18+00:00\",\"dateModified\":\"2021-09-17T06:30:28+00:00\",\"mainEntityOfPage\":{\"@id\":\"https:\\\/\\\/sites.uef.fi\\\/kuopionylioppilaskuoro\\\/2021\\\/09\\\/07\\\/avoimet-kuoroharjoitukset-14-9-ja-21-9\\\/\"},\"wordCount\":183,\"image\":{\"@id\":\"https:\\\/\\\/sites.uef.fi\\\/kuopionylioppilaskuoro\\\/2021\\\/09\\\/07\\\/avoimet-kuoroharjoitukset-14-9-ja-21-9\\\/#primaryimage\"},\"thumbnailUrl\":\"https:\\\/\\\/sites.uef.fi\\\/kuopionylioppilaskuoro\\\/wp-content\\\/uploads\\\/sites\\\/92\\\/2021\\\/09\\\/OPen-choir-rehearsals-1.png\",\"articleSection\":[\"Uutiset\"],\"inLanguage\":\"fi\"},{\"@type\":\"WebPage\",\"@id\":\"https:\\\/\\\/sites.uef.fi\\\/kuopionylioppilaskuoro\\\/2021\\\/09\\\/07\\\/avoimet-kuoroharjoitukset-14-9-ja-21-9\\\/\",\"url\":\"https:\\\/\\\/sites.uef.fi\\\/kuopionylioppilaskuoro\\\/2021\\\/09\\\/07\\\/avoimet-kuoroharjoitukset-14-9-ja-21-9\\\/\",\"name\":\"Avoimet kuoroharjoitukset 14.9. ja 28.9. - UEF Kuopion Ylioppilaskuoro\",\"isPartOf\":{\"@id\":\"https:\\\/\\\/sites.uef.fi\\\/kuopionylioppilaskuoro\\\/#website\"},\"primaryImageOfPage\":{\"@id\":\"https:\\\/\\\/sites.uef.fi\\\/kuopionylioppilaskuoro\\\/2021\\\/09\\\/07\\\/avoimet-kuoroharjoitukset-14-9-ja-21-9\\\/#primaryimage\"},\"image\":{\"@id\":\"https:\\\/\\\/sites.uef.fi\\\/kuopionylioppilaskuoro\\\/2021\\\/09\\\/07\\\/avoimet-kuoroharjoitukset-14-9-ja-21-9\\\/#primaryimage\"},\"thumbnailUrl\":\"https:\\\/\\\/sites.uef.fi\\\/kuopionylioppilaskuoro\\\/wp-content\\\/uploads\\\/sites\\\/92\\\/2021\\\/09\\\/OPen-choir-rehearsals-1.png\",\"datePublished\":\"2021-09-07T18:08:18+00:00\",\"dateModified\":\"2021-09-17T06:30:28+00:00\",\"author\":{\"@id\":\"https:\\\/\\\/sites.uef.fi\\\/kuopionylioppilaskuoro\\\/#\\\/schema\\\/person\\\/c73f689f85cafcd1d21ab0b8dbd6e259\"},\"breadcrumb\":{\"@id\":\"https:\\\/\\\/sites.uef.fi\\\/kuopionylioppilaskuoro\\\/2021\\\/09\\\/07\\\/avoimet-kuoroharjoitukset-14-9-ja-21-9\\\/#breadcrumb\"},\"inLanguage\":\"fi\",\"potentialAction\":[{\"@type\":\"ReadAction\",\"target\":[\"https:\\\/\\\/sites.uef.fi\\\/kuopionylioppilaskuoro\\\/2021\\\/09\\\/07\\\/avoimet-kuoroharjoitukset-14-9-ja-21-9\\\/\"]}]},{\"@type\":\"ImageObject\",\"inLanguage\":\"fi\",\"@id\":\"https:\\\/\\\/sites.uef.fi\\\/kuopionylioppilaskuoro\\\/2021\\\/09\\\/07\\\/avoimet-kuoroharjoitukset-14-9-ja-21-9\\\/#primaryimage\",\"url\":\"https:\\\/\\\/sites.uef.fi\\\/kuopionylioppilaskuoro\\\/wp-content\\\/uploads\\\/sites\\\/92\\\/2021\\\/09\\\/OPen-choir-rehearsals-1.png\",\"contentUrl\":\"https:\\\/\\\/sites.uef.fi\\\/kuopionylioppilaskuoro\\\/wp-content\\\/uploads\\\/sites\\\/92\\\/2021\\\/09\\\/OPen-choir-rehearsals-1.png\",\"width\":1640,\"height\":924},{\"@type\":\"BreadcrumbList\",\"@id\":\"https:\\\/\\\/sites.uef.fi\\\/kuopionylioppilaskuoro\\\/2021\\\/09\\\/07\\\/avoimet-kuoroharjoitukset-14-9-ja-21-9\\\/#breadcrumb\",\"itemListElement\":[{\"@type\":\"ListItem\",\"position\":1,\"name\":\"Home\",\"item\":\"https:\\\/\\\/sites.uef.fi\\\/kuopionylioppilaskuoro\\\/\"},{\"@type\":\"ListItem\",\"position\":2,\"name\":\"Avoimet kuoroharjoitukset 14.9. ja 28.9.\"}]},{\"@type\":\"WebSite\",\"@id\":\"https:\\\/\\\/sites.uef.fi\\\/kuopionylioppilaskuoro\\\/#website\",\"url\":\"https:\\\/\\\/sites.uef.fi\\\/kuopionylioppilaskuoro\\\/\",\"name\":\"UEF Kuopion Ylioppilaskuoro\",\"description\":\"\",\"potentialAction\":[{\"@type\":\"SearchAction\",\"target\":{\"@type\":\"EntryPoint\",\"urlTemplate\":\"https:\\\/\\\/sites.uef.fi\\\/kuopionylioppilaskuoro\\\/?s={search_term_string}\"},\"query-input\":{\"@type\":\"PropertyValueSpecification\",\"valueRequired\":true,\"valueName\":\"search_term_string\"}}],\"inLanguage\":\"fi\"},{\"@type\":\"Person\",\"@id\":\"https:\\\/\\\/sites.uef.fi\\\/kuopionylioppilaskuoro\\\/#\\\/schema\\\/person\\\/c73f689f85cafcd1d21ab0b8dbd6e259\",\"name\":\"sarales\",\"image\":{\"@type\":\"ImageObject\",\"inLanguage\":\"fi\",\"@id\":\"https:\\\/\\\/secure.gravatar.com\\\/avatar\\\/70db9a42a37b64c5c729602f4d3fede2a667628e61dfea437ee0c557e5656618?s=96&d=mm&r=g\",\"url\":\"https:\\\/\\\/secure.gravatar.com\\\/avatar\\\/70db9a42a37b64c5c729602f4d3fede2a667628e61dfea437ee0c557e5656618?s=96&d=mm&r=g\",\"contentUrl\":\"https:\\\/\\\/secure.gravatar.com\\\/avatar\\\/70db9a42a37b64c5c729602f4d3fede2a667628e61dfea437ee0c557e5656618?s=96&d=mm&r=g\",\"caption\":\"sarales\"},\"url\":\"https:\\\/\\\/sites.uef.fi\\\/kuopionylioppilaskuoro\\\/author\\\/sarales\\\/\"}]}<\/script>\n<!-- \/ Yoast SEO plugin. -->","yoast_head_json":{"title":"Avoimet kuoroharjoitukset 14.9. ja 28.9. - UEF Kuopion Ylioppilaskuoro","robots":{"index":"index","follow":"follow","max-snippet":"max-snippet:-1","max-image-preview":"max-image-preview:large","max-video-preview":"max-video-preview:-1"},"canonical":"https:\/\/sites.uef.fi\/kuopionylioppilaskuoro\/2021\/09\/07\/avoimet-kuoroharjoitukset-14-9-ja-21-9\/","og_locale":"fi_FI","og_type":"article","og_title":"Avoimet kuoroharjoitukset 14.9. ja 28.9. - UEF Kuopion Ylioppilaskuoro","og_description":"Haluaisitko laulaa kanssamme tai kiinnostaisiko uusi harrastus? Etsimme j\u00e4lleen joukkoomme uusia laulajia. Mukaan p\u00e4\u00e4set osallistumalla avoimiin harjoituksiin, joissa harjoitellaan kuorolaulua kuoronjohtajan ohjauksella. T\u00e4m\u00e4n j\u00e4lkeen uudet laulajat antavat pienen \u00e4\u00e4nin\u00e4ytteen kuoronjohtajalle ja parille hallituslaiselle itse valitsemastaan kappaleesta.\u2063 \u2063 J\u00c4RJEST\u00c4MME AVOIMIA HARJOITUKSIA SYYSKUUSSA SEURAAVASTI:\u2063 ti 14.9. klo 18-20 SN100\u2063 ti 28.9. klo 18-20 SN100\u2063 (HUOM! p\u00e4iv\u00e4 muuttunut, [&hellip;]","og_url":"https:\/\/sites.uef.fi\/kuopionylioppilaskuoro\/2021\/09\/07\/avoimet-kuoroharjoitukset-14-9-ja-21-9\/","og_site_name":"UEF Kuopion Ylioppilaskuoro","article_published_time":"2021-09-07T18:08:18+00:00","article_modified_time":"2021-09-17T06:30:28+00:00","og_image":[{"width":1640,"height":924,"url":"https:\/\/sites.uef.fi\/kuopionylioppilaskuoro\/wp-content\/uploads\/sites\/92\/2021\/09\/OPen-choir-rehearsals-1.png","type":"image\/png"}],"author":"sarales","twitter_card":"summary_large_image","twitter_misc":{"Kirjoittanut":"sarales","Arvioitu lukuaika":"1 minuutti"},"schema":{"@context":"https:\/\/schema.org","@graph":[{"@type":"Article","@id":"https:\/\/sites.uef.fi\/kuopionylioppilaskuoro\/2021\/09\/07\/avoimet-kuoroharjoitukset-14-9-ja-21-9\/#article","isPartOf":{"@id":"https:\/\/sites.uef.fi\/kuopionylioppilaskuoro\/2021\/09\/07\/avoimet-kuoroharjoitukset-14-9-ja-21-9\/"},"author":{"name":"sarales","@id":"https:\/\/sites.uef.fi\/kuopionylioppilaskuoro\/#\/schema\/person\/c73f689f85cafcd1d21ab0b8dbd6e259"},"headline":"Avoimet kuoroharjoitukset 14.9. ja 28.9.","datePublished":"2021-09-07T18:08:18+00:00","dateModified":"2021-09-17T06:30:28+00:00","mainEntityOfPage":{"@id":"https:\/\/sites.uef.fi\/kuopionylioppilaskuoro\/2021\/09\/07\/avoimet-kuoroharjoitukset-14-9-ja-21-9\/"},"wordCount":183,"image":{"@id":"https:\/\/sites.uef.fi\/kuopionylioppilaskuoro\/2021\/09\/07\/avoimet-kuoroharjoitukset-14-9-ja-21-9\/#primaryimage"},"thumbnailUrl":"https:\/\/sites.uef.fi\/kuopionylioppilaskuoro\/wp-content\/uploads\/sites\/92\/2021\/09\/OPen-choir-rehearsals-1.png","articleSection":["Uutiset"],"inLanguage":"fi"},{"@type":"WebPage","@id":"https:\/\/sites.uef.fi\/kuopionylioppilaskuoro\/2021\/09\/07\/avoimet-kuoroharjoitukset-14-9-ja-21-9\/","url":"https:\/\/sites.uef.fi\/kuopionylioppilaskuoro\/2021\/09\/07\/avoimet-kuoroharjoitukset-14-9-ja-21-9\/","name":"Avoimet kuoroharjoitukset 14.9. ja 28.9. - UEF Kuopion Ylioppilaskuoro","isPartOf":{"@id":"https:\/\/sites.uef.fi\/kuopionylioppilaskuoro\/#website"},"primaryImageOfPage":{"@id":"https:\/\/sites.uef.fi\/kuopionylioppilaskuoro\/2021\/09\/07\/avoimet-kuoroharjoitukset-14-9-ja-21-9\/#primaryimage"},"image":{"@id":"https:\/\/sites.uef.fi\/kuopionylioppilaskuoro\/2021\/09\/07\/avoimet-kuoroharjoitukset-14-9-ja-21-9\/#primaryimage"},"thumbnailUrl":"https:\/\/sites.uef.fi\/kuopionylioppilaskuoro\/wp-content\/uploads\/sites\/92\/2021\/09\/OPen-choir-rehearsals-1.png","datePublished":"2021-09-07T18:08:18+00:00","dateModified":"2021-09-17T06:30:28+00:00","author":{"@id":"https:\/\/sites.uef.fi\/kuopionylioppilaskuoro\/#\/schema\/person\/c73f689f85cafcd1d21ab0b8dbd6e259"},"breadcrumb":{"@id":"https:\/\/sites.uef.fi\/kuopionylioppilaskuoro\/2021\/09\/07\/avoimet-kuoroharjoitukset-14-9-ja-21-9\/#breadcrumb"},"inLanguage":"fi","potentialAction":[{"@type":"ReadAction","target":["https:\/\/sites.uef.fi\/kuopionylioppilaskuoro\/2021\/09\/07\/avoimet-kuoroharjoitukset-14-9-ja-21-9\/"]}]},{"@type":"ImageObject","inLanguage":"fi","@id":"https:\/\/sites.uef.fi\/kuopionylioppilaskuoro\/2021\/09\/07\/avoimet-kuoroharjoitukset-14-9-ja-21-9\/#primaryimage","url":"https:\/\/sites.uef.fi\/kuopionylioppilaskuoro\/wp-content\/uploads\/sites\/92\/2021\/09\/OPen-choir-rehearsals-1.png","contentUrl":"https:\/\/sites.uef.fi\/kuopionylioppilaskuoro\/wp-content\/uploads\/sites\/92\/2021\/09\/OPen-choir-rehearsals-1.png","width":1640,"height":924},{"@type":"BreadcrumbList","@id":"https:\/\/sites.uef.fi\/kuopionylioppilaskuoro\/2021\/09\/07\/avoimet-kuoroharjoitukset-14-9-ja-21-9\/#breadcrumb","itemListElement":[{"@type":"ListItem","position":1,"name":"Home","item":"https:\/\/sites.uef.fi\/kuopionylioppilaskuoro\/"},{"@type":"ListItem","position":2,"name":"Avoimet kuoroharjoitukset 14.9. ja 28.9."}]},{"@type":"WebSite","@id":"https:\/\/sites.uef.fi\/kuopionylioppilaskuoro\/#website","url":"https:\/\/sites.uef.fi\/kuopionylioppilaskuoro\/","name":"UEF Kuopion Ylioppilaskuoro","description":"","potentialAction":[{"@type":"SearchAction","target":{"@type":"EntryPoint","urlTemplate":"https:\/\/sites.uef.fi\/kuopionylioppilaskuoro\/?s={search_term_string}"},"query-input":{"@type":"PropertyValueSpecification","valueRequired":true,"valueName":"search_term_string"}}],"inLanguage":"fi"},{"@type":"Person","@id":"https:\/\/sites.uef.fi\/kuopionylioppilaskuoro\/#\/schema\/person\/c73f689f85cafcd1d21ab0b8dbd6e259","name":"sarales","image":{"@type":"ImageObject","inLanguage":"fi","@id":"https:\/\/secure.gravatar.com\/avatar\/70db9a42a37b64c5c729602f4d3fede2a667628e61dfea437ee0c557e5656618?s=96&d=mm&r=g","url":"https:\/\/secure.gravatar.com\/avatar\/70db9a42a37b64c5c729602f4d3fede2a667628e61dfea437ee0c557e5656618?s=96&d=mm&r=g","contentUrl":"https:\/\/secure.gravatar.com\/avatar\/70db9a42a37b64c5c729602f4d3fede2a667628e61dfea437ee0c557e5656618?s=96&d=mm&r=g","caption":"sarales"},"url":"https:\/\/sites.uef.fi\/kuopionylioppilaskuoro\/author\/sarales\/"}]}},"_links":{"self":[{"href":"https:\/\/sites.uef.fi\/kuopionylioppilaskuoro\/wp-json\/wp\/v2\/posts\/767","targetHints":{"allow":["GET"]}}],"collection":[{"href":"https:\/\/sites.uef.fi\/kuopionylioppilaskuoro\/wp-json\/wp\/v2\/posts"}],"about":[{"href":"https:\/\/sites.uef.fi\/kuopionylioppilaskuoro\/wp-json\/wp\/v2\/types\/post"}],"author":[{"embeddable":true,"href":"https:\/\/sites.uef.fi\/kuopionylioppilaskuoro\/wp-json\/wp\/v2\/users\/190"}],"replies":[{"embeddable":true,"href":"https:\/\/sites.uef.fi\/kuopionylioppilaskuoro\/wp-json\/wp\/v2\/comments?post=767"}],"version-history":[{"count":2,"href":"https:\/\/sites.uef.fi\/kuopionylioppilaskuoro\/wp-json\/wp\/v2\/posts\/767\/revisions"}],"predecessor-version":[{"id":830,"href":"https:\/\/sites.uef.fi\/kuopionylioppilaskuoro\/wp-json\/wp\/v2\/posts\/767\/revisions\/830"}],"wp:featuredmedia":[{"embeddable":true,"href":"https:\/\/sites.uef.fi\/kuopionylioppilaskuoro\/wp-json\/wp\/v2\/media\/815"}],"wp:attachment":[{"href":"https:\/\/sites.uef.fi\/kuopionylioppilaskuoro\/wp-json\/wp\/v2\/media?parent=767"}],"wp:term":[{"taxonomy":"category","embeddable":true,"href":"https:\/\/sites.uef.fi\/kuopionylioppilaskuoro\/wp-json\/wp\/v2\/categories?post=767"},{"taxonomy":"post_tag","embeddable":true,"href":"https:\/\/sites.uef.fi\/kuopionylioppilaskuoro\/wp-json\/wp\/v2\/tags?post=767"}],"curies":[{"name":"wp","href":"https:\/\/api.w.org\/{rel}","templated":true}]}}