{"id":671,"date":"2024-10-17T13:06:48","date_gmt":"2024-10-17T11:06:48","guid":{"rendered":"https:\/\/sites.uef.fi\/mlpaivat2024\/?p=671"},"modified":"2024-10-17T13:06:48","modified_gmt":"2024-10-17T11:06:48","slug":"aku-pajula-fotonikasitteen-johdonmukainen-kaytto-kvanttitilana-yhden-fotonin-kaksoisrakokokeessa","status":"publish","type":"post","link":"https:\/\/sites.uef.fi\/mlpaivat2024\/2024\/10\/17\/aku-pajula-fotonikasitteen-johdonmukainen-kaytto-kvanttitilana-yhden-fotonin-kaksoisrakokokeessa\/","title":{"rendered":"Aku Pajula: Fotonik\u00e4sitteen johdonmukainen k\u00e4ytt\u00f6 kvanttitilana yhden fotonin kaksoisrakokokeessa"},"content":{"rendered":"\n<p>Aika: To 31.10. 14.30-14.55<\/p>\n\n\n\n<p>Paikka: F202 Futura<\/p>\n\n\n\n<p>Esitt\u00e4j\u00e4n affiliaatio: Helsingin yliopisto, Fysiikan laitos<\/p>\n\n\n\n<p>Abstrakti: <\/p>\n\n\n\n<p>Fysiikan opetuksen tutkimus on osoittanut, ett\u00e4 opiskelijoilla on usein puutteellisia ja ep\u00e4johdonmukaisia tapoja k\u00e4ytt\u00e4\u00e4 fotoni k\u00e4sitett\u00e4.<br>Kvanttifysiikan kontekstissa fotoni esitet\u00e4\u00e4n usein opiskelijoille realistisessa mieless\u00e4 olemassa olevina kvanttiolioina. Kuitenkin nykyaikaisessa kvanttioptiikassa fotoni k\u00e4sitteell\u00e4 viitataan s\u00e4hk\u00f6magneettisen kent\u00e4n kvantittuneisiin vapausasteisiin. Onkin oleellista kysy\u00e4 miten fotonit tulisi esitell\u00e4 ilman naiivia partikkelirealismia? Klassisten n\u00e4kemysten sijaan fotonit tulisi ymm\u00e4rt\u00e4\u00e4 s\u00e4hk\u00f6magneettisen kent\u00e4n kvantittuneina tiloina.<\/p>\n\n\n\n<p>Fotoni k\u00e4sitteen\u00e4 on hyvin kontekstisidonnainen, joten tutkimuksessa painotettiin k\u00e4sitteen normatiivista ja koherenttia k\u00e4ytt\u00f6\u00e4. Tutkimus toteutettiin osana uutta Helsingin yliopiston fysiikan opettajaksi opiskeleville suunnattua kvanttifysiikan kurssia. Kurssin tavoite oli opettaa kvanttifysiikkaa kvanttioptiikan avulla. Tutkimuksessa k\u00e4ytimme kyselylomaketta (Likert-asteikolla), jossa tutkimme yhden fotonin kaksoisrakokokeen yhteydess\u00e4, kuinka johdonmukaisesti fysiikan aineenopettajaopiskelijat valitsevat ilmaisujen v\u00e4lill\u00e4, jotka korostavat fotonien partikkelimaisia ominaisuuksia pit\u00e4en fotoneita er\u00e4\u00e4nlaisina kvanttoneina eli uusina kvanttiolioina, joilla ei ole klassisia piirteit\u00e4, tai pit\u00e4v\u00e4tk\u00f6 he fotoneita ennemmin kvanttitiloina, jotka ovat todellisesti olemassa kvantittuneiden vapausasteiden puitteissa. Sitoutuminen kvanttoni- tai kvanttitila-n\u00e4kemykseen johtavat erilaisten v\u00e4itteiden esitt\u00e4miseen fotonien k\u00e4ytt\u00e4ytymisest\u00e4 kaksoisrakokokeen yhteydess\u00e4. Kysely toteutettiin ennen ja j\u00e4lkeen opetuksen. Tuloksia tarkasteltiin koko ryhm\u00e4n tasolla sek\u00e4 muodostaen kolmen opiskelijan klustereita, joissa opiskelijoiden v\u00e4liset vastaukset saavuttivat kesken\u00e4\u00e4n tarpeeksi suuren koherenssin.<\/p>\n\n\n\n<p>Tulosten perusteella voidaan n\u00e4hd\u00e4 positiivinen trendi fotoni k\u00e4sitteen koherentissa k\u00e4yt\u00f6ss\u00e4 kvanttitilana. T\u00e4m\u00e4 on havaittavissa koko ryhm\u00e4n vastausten kehityksess\u00e4 ja klustereiden lis\u00e4\u00e4ntymisen\u00e4 sek\u00e4 l\u00e4hentymisen\u00e4 asiantuntijan vastausten kanssa.<\/p>\n","protected":false},"excerpt":{"rendered":"<p>Aika: To 31.10. 14.30-14.55 Paikka: F202 Futura Esitt\u00e4j\u00e4n affiliaatio: Helsingin yliopisto, Fysiikan laitos Abstrakti: Fysiikan opetuksen tutkimus on osoittanut, ett\u00e4 opiskelijoilla on usein puutteellisia ja ep\u00e4johdonmukaisia tapoja k\u00e4ytt\u00e4\u00e4 fotoni k\u00e4sitett\u00e4.Kvanttifysiikan kontekstissa fotoni esitet\u00e4\u00e4n usein opiskelijoille realistisessa mieless\u00e4 olemassa olevina kvanttiolioina. Kuitenkin nykyaikaisessa kvanttioptiikassa fotoni k\u00e4sitteell\u00e4 viitataan s\u00e4hk\u00f6magneettisen kent\u00e4n kvantittuneisiin vapausasteisiin. Onkin oleellista kysy\u00e4 miten fotonit [&hellip;]<\/p>\n","protected":false},"author":1183,"featured_media":0,"comment_status":"open","ping_status":"open","sticky":false,"template":"","format":"standard","meta":{"_acf_changed":false,"footnotes":""},"categories":[1],"tags":[],"class_list":["post-671","post","type-post","status-publish","format-standard","hentry","category-uncategorized"],"acf":[],"yoast_head":"<!-- This site is optimized with the Yoast SEO plugin v27.3 - https:\/\/yoast.com\/product\/yoast-seo-wordpress\/ -->\n<title>Aku Pajula: Fotonik\u00e4sitteen johdonmukainen k\u00e4ytt\u00f6 kvanttitilana yhden fotonin kaksoisrakokokeessa - Matematiikan ja luonnontieteiden opetuksen tutkimusp\u00e4iv\u00e4t 2024<\/title>\n<meta name=\"robots\" content=\"index, follow, max-snippet:-1, max-image-preview:large, max-video-preview:-1\" \/>\n<link rel=\"canonical\" href=\"https:\/\/sites.uef.fi\/mlpaivat2024\/2024\/10\/17\/aku-pajula-fotonikasitteen-johdonmukainen-kaytto-kvanttitilana-yhden-fotonin-kaksoisrakokokeessa\/\" \/>\n<meta property=\"og:locale\" content=\"fi_FI\" \/>\n<meta property=\"og:type\" content=\"article\" \/>\n<meta property=\"og:title\" content=\"Aku Pajula: Fotonik\u00e4sitteen johdonmukainen k\u00e4ytt\u00f6 kvanttitilana yhden fotonin kaksoisrakokokeessa - Matematiikan ja luonnontieteiden opetuksen tutkimusp\u00e4iv\u00e4t 2024\" \/>\n<meta property=\"og:description\" content=\"Aika: To 31.10. 14.30-14.55 Paikka: F202 Futura Esitt\u00e4j\u00e4n affiliaatio: Helsingin yliopisto, Fysiikan laitos Abstrakti: Fysiikan opetuksen tutkimus on osoittanut, ett\u00e4 opiskelijoilla on usein puutteellisia ja ep\u00e4johdonmukaisia tapoja k\u00e4ytt\u00e4\u00e4 fotoni k\u00e4sitett\u00e4.Kvanttifysiikan kontekstissa fotoni esitet\u00e4\u00e4n usein opiskelijoille realistisessa mieless\u00e4 olemassa olevina kvanttiolioina. Kuitenkin nykyaikaisessa kvanttioptiikassa fotoni k\u00e4sitteell\u00e4 viitataan s\u00e4hk\u00f6magneettisen kent\u00e4n kvantittuneisiin vapausasteisiin. Onkin oleellista kysy\u00e4 miten fotonit [&hellip;]\" \/>\n<meta property=\"og:url\" content=\"https:\/\/sites.uef.fi\/mlpaivat2024\/2024\/10\/17\/aku-pajula-fotonikasitteen-johdonmukainen-kaytto-kvanttitilana-yhden-fotonin-kaksoisrakokokeessa\/\" \/>\n<meta property=\"og:site_name\" content=\"Matematiikan ja luonnontieteiden opetuksen tutkimusp\u00e4iv\u00e4t 2024\" \/>\n<meta property=\"article:published_time\" content=\"2024-10-17T11:06:48+00:00\" \/>\n<meta name=\"author\" content=\"antvi\" \/>\n<meta name=\"twitter:card\" content=\"summary_large_image\" \/>\n<meta name=\"twitter:label1\" content=\"Kirjoittanut\" \/>\n\t<meta name=\"twitter:data1\" content=\"antvi\" \/>\n\t<meta name=\"twitter:label2\" content=\"Arvioitu lukuaika\" \/>\n\t<meta name=\"twitter:data2\" content=\"2 minuuttia\" \/>\n<script type=\"application\/ld+json\" class=\"yoast-schema-graph\">{\"@context\":\"https:\\\/\\\/schema.org\",\"@graph\":[{\"@type\":\"Article\",\"@id\":\"https:\\\/\\\/sites.uef.fi\\\/mlpaivat2024\\\/2024\\\/10\\\/17\\\/aku-pajula-fotonikasitteen-johdonmukainen-kaytto-kvanttitilana-yhden-fotonin-kaksoisrakokokeessa\\\/#article\",\"isPartOf\":{\"@id\":\"https:\\\/\\\/sites.uef.fi\\\/mlpaivat2024\\\/2024\\\/10\\\/17\\\/aku-pajula-fotonikasitteen-johdonmukainen-kaytto-kvanttitilana-yhden-fotonin-kaksoisrakokokeessa\\\/\"},\"author\":{\"name\":\"antvi\",\"@id\":\"https:\\\/\\\/sites.uef.fi\\\/mlpaivat2024\\\/#\\\/schema\\\/person\\\/08705d52a8e52c1cb68ecea800621977\"},\"headline\":\"Aku Pajula: Fotonik\u00e4sitteen johdonmukainen k\u00e4ytt\u00f6 kvanttitilana yhden fotonin kaksoisrakokokeessa\",\"datePublished\":\"2024-10-17T11:06:48+00:00\",\"mainEntityOfPage\":{\"@id\":\"https:\\\/\\\/sites.uef.fi\\\/mlpaivat2024\\\/2024\\\/10\\\/17\\\/aku-pajula-fotonikasitteen-johdonmukainen-kaytto-kvanttitilana-yhden-fotonin-kaksoisrakokokeessa\\\/\"},\"wordCount\":264,\"commentCount\":0,\"articleSection\":[\"Uncategorized\"],\"inLanguage\":\"fi\",\"potentialAction\":[{\"@type\":\"CommentAction\",\"name\":\"Comment\",\"target\":[\"https:\\\/\\\/sites.uef.fi\\\/mlpaivat2024\\\/2024\\\/10\\\/17\\\/aku-pajula-fotonikasitteen-johdonmukainen-kaytto-kvanttitilana-yhden-fotonin-kaksoisrakokokeessa\\\/#respond\"]}]},{\"@type\":\"WebPage\",\"@id\":\"https:\\\/\\\/sites.uef.fi\\\/mlpaivat2024\\\/2024\\\/10\\\/17\\\/aku-pajula-fotonikasitteen-johdonmukainen-kaytto-kvanttitilana-yhden-fotonin-kaksoisrakokokeessa\\\/\",\"url\":\"https:\\\/\\\/sites.uef.fi\\\/mlpaivat2024\\\/2024\\\/10\\\/17\\\/aku-pajula-fotonikasitteen-johdonmukainen-kaytto-kvanttitilana-yhden-fotonin-kaksoisrakokokeessa\\\/\",\"name\":\"Aku Pajula: Fotonik\u00e4sitteen johdonmukainen k\u00e4ytt\u00f6 kvanttitilana yhden fotonin kaksoisrakokokeessa - Matematiikan ja luonnontieteiden opetuksen tutkimusp\u00e4iv\u00e4t 2024\",\"isPartOf\":{\"@id\":\"https:\\\/\\\/sites.uef.fi\\\/mlpaivat2024\\\/#website\"},\"datePublished\":\"2024-10-17T11:06:48+00:00\",\"author\":{\"@id\":\"https:\\\/\\\/sites.uef.fi\\\/mlpaivat2024\\\/#\\\/schema\\\/person\\\/08705d52a8e52c1cb68ecea800621977\"},\"breadcrumb\":{\"@id\":\"https:\\\/\\\/sites.uef.fi\\\/mlpaivat2024\\\/2024\\\/10\\\/17\\\/aku-pajula-fotonikasitteen-johdonmukainen-kaytto-kvanttitilana-yhden-fotonin-kaksoisrakokokeessa\\\/#breadcrumb\"},\"inLanguage\":\"fi\",\"potentialAction\":[{\"@type\":\"ReadAction\",\"target\":[\"https:\\\/\\\/sites.uef.fi\\\/mlpaivat2024\\\/2024\\\/10\\\/17\\\/aku-pajula-fotonikasitteen-johdonmukainen-kaytto-kvanttitilana-yhden-fotonin-kaksoisrakokokeessa\\\/\"]}]},{\"@type\":\"BreadcrumbList\",\"@id\":\"https:\\\/\\\/sites.uef.fi\\\/mlpaivat2024\\\/2024\\\/10\\\/17\\\/aku-pajula-fotonikasitteen-johdonmukainen-kaytto-kvanttitilana-yhden-fotonin-kaksoisrakokokeessa\\\/#breadcrumb\",\"itemListElement\":[{\"@type\":\"ListItem\",\"position\":1,\"name\":\"Home\",\"item\":\"https:\\\/\\\/sites.uef.fi\\\/mlpaivat2024\\\/\"},{\"@type\":\"ListItem\",\"position\":2,\"name\":\"Aku Pajula: Fotonik\u00e4sitteen johdonmukainen k\u00e4ytt\u00f6 kvanttitilana yhden fotonin kaksoisrakokokeessa\"}]},{\"@type\":\"WebSite\",\"@id\":\"https:\\\/\\\/sites.uef.fi\\\/mlpaivat2024\\\/#website\",\"url\":\"https:\\\/\\\/sites.uef.fi\\\/mlpaivat2024\\\/\",\"name\":\"Matematiikan ja luonnontieteiden opetuksen tutkimusp\u00e4iv\u00e4t 2024\",\"description\":\"\",\"potentialAction\":[{\"@type\":\"SearchAction\",\"target\":{\"@type\":\"EntryPoint\",\"urlTemplate\":\"https:\\\/\\\/sites.uef.fi\\\/mlpaivat2024\\\/?s={search_term_string}\"},\"query-input\":{\"@type\":\"PropertyValueSpecification\",\"valueRequired\":true,\"valueName\":\"search_term_string\"}}],\"inLanguage\":\"fi\"},{\"@type\":\"Person\",\"@id\":\"https:\\\/\\\/sites.uef.fi\\\/mlpaivat2024\\\/#\\\/schema\\\/person\\\/08705d52a8e52c1cb68ecea800621977\",\"name\":\"antvi\",\"image\":{\"@type\":\"ImageObject\",\"inLanguage\":\"fi\",\"@id\":\"https:\\\/\\\/secure.gravatar.com\\\/avatar\\\/dd76b73cceeafbc46519e65ea94e9e08a1aec5e0b56e3090f36b23742c1d517c?s=96&d=mm&r=g\",\"url\":\"https:\\\/\\\/secure.gravatar.com\\\/avatar\\\/dd76b73cceeafbc46519e65ea94e9e08a1aec5e0b56e3090f36b23742c1d517c?s=96&d=mm&r=g\",\"contentUrl\":\"https:\\\/\\\/secure.gravatar.com\\\/avatar\\\/dd76b73cceeafbc46519e65ea94e9e08a1aec5e0b56e3090f36b23742c1d517c?s=96&d=mm&r=g\",\"caption\":\"antvi\"},\"url\":\"https:\\\/\\\/sites.uef.fi\\\/mlpaivat2024\\\/author\\\/antvi\\\/\"}]}<\/script>\n<!-- \/ Yoast SEO plugin. -->","yoast_head_json":{"title":"Aku Pajula: Fotonik\u00e4sitteen johdonmukainen k\u00e4ytt\u00f6 kvanttitilana yhden fotonin kaksoisrakokokeessa - Matematiikan ja luonnontieteiden opetuksen tutkimusp\u00e4iv\u00e4t 2024","robots":{"index":"index","follow":"follow","max-snippet":"max-snippet:-1","max-image-preview":"max-image-preview:large","max-video-preview":"max-video-preview:-1"},"canonical":"https:\/\/sites.uef.fi\/mlpaivat2024\/2024\/10\/17\/aku-pajula-fotonikasitteen-johdonmukainen-kaytto-kvanttitilana-yhden-fotonin-kaksoisrakokokeessa\/","og_locale":"fi_FI","og_type":"article","og_title":"Aku Pajula: Fotonik\u00e4sitteen johdonmukainen k\u00e4ytt\u00f6 kvanttitilana yhden fotonin kaksoisrakokokeessa - Matematiikan ja luonnontieteiden opetuksen tutkimusp\u00e4iv\u00e4t 2024","og_description":"Aika: To 31.10. 14.30-14.55 Paikka: F202 Futura Esitt\u00e4j\u00e4n affiliaatio: Helsingin yliopisto, Fysiikan laitos Abstrakti: Fysiikan opetuksen tutkimus on osoittanut, ett\u00e4 opiskelijoilla on usein puutteellisia ja ep\u00e4johdonmukaisia tapoja k\u00e4ytt\u00e4\u00e4 fotoni k\u00e4sitett\u00e4.Kvanttifysiikan kontekstissa fotoni esitet\u00e4\u00e4n usein opiskelijoille realistisessa mieless\u00e4 olemassa olevina kvanttiolioina. Kuitenkin nykyaikaisessa kvanttioptiikassa fotoni k\u00e4sitteell\u00e4 viitataan s\u00e4hk\u00f6magneettisen kent\u00e4n kvantittuneisiin vapausasteisiin. Onkin oleellista kysy\u00e4 miten fotonit [&hellip;]","og_url":"https:\/\/sites.uef.fi\/mlpaivat2024\/2024\/10\/17\/aku-pajula-fotonikasitteen-johdonmukainen-kaytto-kvanttitilana-yhden-fotonin-kaksoisrakokokeessa\/","og_site_name":"Matematiikan ja luonnontieteiden opetuksen tutkimusp\u00e4iv\u00e4t 2024","article_published_time":"2024-10-17T11:06:48+00:00","author":"antvi","twitter_card":"summary_large_image","twitter_misc":{"Kirjoittanut":"antvi","Arvioitu lukuaika":"2 minuuttia"},"schema":{"@context":"https:\/\/schema.org","@graph":[{"@type":"Article","@id":"https:\/\/sites.uef.fi\/mlpaivat2024\/2024\/10\/17\/aku-pajula-fotonikasitteen-johdonmukainen-kaytto-kvanttitilana-yhden-fotonin-kaksoisrakokokeessa\/#article","isPartOf":{"@id":"https:\/\/sites.uef.fi\/mlpaivat2024\/2024\/10\/17\/aku-pajula-fotonikasitteen-johdonmukainen-kaytto-kvanttitilana-yhden-fotonin-kaksoisrakokokeessa\/"},"author":{"name":"antvi","@id":"https:\/\/sites.uef.fi\/mlpaivat2024\/#\/schema\/person\/08705d52a8e52c1cb68ecea800621977"},"headline":"Aku Pajula: Fotonik\u00e4sitteen johdonmukainen k\u00e4ytt\u00f6 kvanttitilana yhden fotonin kaksoisrakokokeessa","datePublished":"2024-10-17T11:06:48+00:00","mainEntityOfPage":{"@id":"https:\/\/sites.uef.fi\/mlpaivat2024\/2024\/10\/17\/aku-pajula-fotonikasitteen-johdonmukainen-kaytto-kvanttitilana-yhden-fotonin-kaksoisrakokokeessa\/"},"wordCount":264,"commentCount":0,"articleSection":["Uncategorized"],"inLanguage":"fi","potentialAction":[{"@type":"CommentAction","name":"Comment","target":["https:\/\/sites.uef.fi\/mlpaivat2024\/2024\/10\/17\/aku-pajula-fotonikasitteen-johdonmukainen-kaytto-kvanttitilana-yhden-fotonin-kaksoisrakokokeessa\/#respond"]}]},{"@type":"WebPage","@id":"https:\/\/sites.uef.fi\/mlpaivat2024\/2024\/10\/17\/aku-pajula-fotonikasitteen-johdonmukainen-kaytto-kvanttitilana-yhden-fotonin-kaksoisrakokokeessa\/","url":"https:\/\/sites.uef.fi\/mlpaivat2024\/2024\/10\/17\/aku-pajula-fotonikasitteen-johdonmukainen-kaytto-kvanttitilana-yhden-fotonin-kaksoisrakokokeessa\/","name":"Aku Pajula: Fotonik\u00e4sitteen johdonmukainen k\u00e4ytt\u00f6 kvanttitilana yhden fotonin kaksoisrakokokeessa - Matematiikan ja luonnontieteiden opetuksen tutkimusp\u00e4iv\u00e4t 2024","isPartOf":{"@id":"https:\/\/sites.uef.fi\/mlpaivat2024\/#website"},"datePublished":"2024-10-17T11:06:48+00:00","author":{"@id":"https:\/\/sites.uef.fi\/mlpaivat2024\/#\/schema\/person\/08705d52a8e52c1cb68ecea800621977"},"breadcrumb":{"@id":"https:\/\/sites.uef.fi\/mlpaivat2024\/2024\/10\/17\/aku-pajula-fotonikasitteen-johdonmukainen-kaytto-kvanttitilana-yhden-fotonin-kaksoisrakokokeessa\/#breadcrumb"},"inLanguage":"fi","potentialAction":[{"@type":"ReadAction","target":["https:\/\/sites.uef.fi\/mlpaivat2024\/2024\/10\/17\/aku-pajula-fotonikasitteen-johdonmukainen-kaytto-kvanttitilana-yhden-fotonin-kaksoisrakokokeessa\/"]}]},{"@type":"BreadcrumbList","@id":"https:\/\/sites.uef.fi\/mlpaivat2024\/2024\/10\/17\/aku-pajula-fotonikasitteen-johdonmukainen-kaytto-kvanttitilana-yhden-fotonin-kaksoisrakokokeessa\/#breadcrumb","itemListElement":[{"@type":"ListItem","position":1,"name":"Home","item":"https:\/\/sites.uef.fi\/mlpaivat2024\/"},{"@type":"ListItem","position":2,"name":"Aku Pajula: Fotonik\u00e4sitteen johdonmukainen k\u00e4ytt\u00f6 kvanttitilana yhden fotonin kaksoisrakokokeessa"}]},{"@type":"WebSite","@id":"https:\/\/sites.uef.fi\/mlpaivat2024\/#website","url":"https:\/\/sites.uef.fi\/mlpaivat2024\/","name":"Matematiikan ja luonnontieteiden opetuksen tutkimusp\u00e4iv\u00e4t 2024","description":"","potentialAction":[{"@type":"SearchAction","target":{"@type":"EntryPoint","urlTemplate":"https:\/\/sites.uef.fi\/mlpaivat2024\/?s={search_term_string}"},"query-input":{"@type":"PropertyValueSpecification","valueRequired":true,"valueName":"search_term_string"}}],"inLanguage":"fi"},{"@type":"Person","@id":"https:\/\/sites.uef.fi\/mlpaivat2024\/#\/schema\/person\/08705d52a8e52c1cb68ecea800621977","name":"antvi","image":{"@type":"ImageObject","inLanguage":"fi","@id":"https:\/\/secure.gravatar.com\/avatar\/dd76b73cceeafbc46519e65ea94e9e08a1aec5e0b56e3090f36b23742c1d517c?s=96&d=mm&r=g","url":"https:\/\/secure.gravatar.com\/avatar\/dd76b73cceeafbc46519e65ea94e9e08a1aec5e0b56e3090f36b23742c1d517c?s=96&d=mm&r=g","contentUrl":"https:\/\/secure.gravatar.com\/avatar\/dd76b73cceeafbc46519e65ea94e9e08a1aec5e0b56e3090f36b23742c1d517c?s=96&d=mm&r=g","caption":"antvi"},"url":"https:\/\/sites.uef.fi\/mlpaivat2024\/author\/antvi\/"}]}},"_links":{"self":[{"href":"https:\/\/sites.uef.fi\/mlpaivat2024\/wp-json\/wp\/v2\/posts\/671","targetHints":{"allow":["GET"]}}],"collection":[{"href":"https:\/\/sites.uef.fi\/mlpaivat2024\/wp-json\/wp\/v2\/posts"}],"about":[{"href":"https:\/\/sites.uef.fi\/mlpaivat2024\/wp-json\/wp\/v2\/types\/post"}],"author":[{"embeddable":true,"href":"https:\/\/sites.uef.fi\/mlpaivat2024\/wp-json\/wp\/v2\/users\/1183"}],"replies":[{"embeddable":true,"href":"https:\/\/sites.uef.fi\/mlpaivat2024\/wp-json\/wp\/v2\/comments?post=671"}],"version-history":[{"count":1,"href":"https:\/\/sites.uef.fi\/mlpaivat2024\/wp-json\/wp\/v2\/posts\/671\/revisions"}],"predecessor-version":[{"id":674,"href":"https:\/\/sites.uef.fi\/mlpaivat2024\/wp-json\/wp\/v2\/posts\/671\/revisions\/674"}],"wp:attachment":[{"href":"https:\/\/sites.uef.fi\/mlpaivat2024\/wp-json\/wp\/v2\/media?parent=671"}],"wp:term":[{"taxonomy":"category","embeddable":true,"href":"https:\/\/sites.uef.fi\/mlpaivat2024\/wp-json\/wp\/v2\/categories?post=671"},{"taxonomy":"post_tag","embeddable":true,"href":"https:\/\/sites.uef.fi\/mlpaivat2024\/wp-json\/wp\/v2\/tags?post=671"}],"curies":[{"name":"wp","href":"https:\/\/api.w.org\/{rel}","templated":true}]}}