{"id":719,"date":"2024-10-17T13:29:13","date_gmt":"2024-10-17T11:29:13","guid":{"rendered":"https:\/\/sites.uef.fi\/mlpaivat2024\/?p=719"},"modified":"2024-10-17T13:29:14","modified_gmt":"2024-10-17T11:29:14","slug":"lasse-eronen-motivaation-tarkastelua-matematiikan-pedagogiikan-opintojaksolla","status":"publish","type":"post","link":"https:\/\/sites.uef.fi\/mlpaivat2024\/2024\/10\/17\/lasse-eronen-motivaation-tarkastelua-matematiikan-pedagogiikan-opintojaksolla\/","title":{"rendered":"Lasse Eronen: Motivaation tarkastelua matematiikan pedagogiikan opintojaksolla"},"content":{"rendered":"\n<p>Aika: Pe 1.11. 9.15-9.40<\/p>\n\n\n\n<p>Paikka: M110 Metria<\/p>\n\n\n\n<p>Esitt\u00e4j\u00e4n affiliaatio: It\u00e4-Suomen yliopisto, Soveltavan kasvatustieteen ja opettajankoulutuksen osasto<\/p>\n\n\n\n<p>Muut tekij\u00e4t: Pasi  Eskelinen, It\u00e4-Suomen yliopisto, Soveltavan kasvatustieteen ja opettajankoulutuksen osasto; Henri Heiskanen, It\u00e4-Suomen yliopisto, Soveltavan kasvatustieteen ja opettajankoulutuksen osasto<\/p>\n\n\n\n<p>Abstrakti:<\/p>\n\n\n\n<p>Esityksess\u00e4 tarkastellaan luokanopettajaksi opiskelevien motivaatiota odotuksien ja arvojen n\u00e4k\u00f6kulmasta matematiikan pedagogiikan opintojaksolla alku- ja loppumittauksien avulla. Tutkimus on osa vuonna 2018 alkanutta matematiikan pedagogiikan opetuksen kehitt\u00e4mistutkimusta. Tarkastelun kohteena oleva aineisto on ker\u00e4tty syksyll\u00e4 2019, jolloin edellisen vuoden tutkimustulosten pohjalta tehtiin ensimm\u00e4iset muutokset opintojakson toteutukseen. Tutkimukseen vastasi kaikkiaan 56 opiskelijaa. Esityksess\u00e4 pohditaan, voidaanko opiskelijoiden motivaatioon matematiikan pedagogiikan opiskelua kohtaan vaikuttaa n\u00e4inkin lyhyen opintojakson aikana. Lis\u00e4ksi pohdimme, mill\u00e4 tavoin esimerkiksi matematiikka-ahdistusta peruskoulussa tai lukiossa voimakkaasti kokeneiden opiskelijoiden kokemukset heijastuvat opintojaksolle.<\/p>\n","protected":false},"excerpt":{"rendered":"<p>Aika: Pe 1.11. 9.15-9.40 Paikka: M110 Metria Esitt\u00e4j\u00e4n affiliaatio: It\u00e4-Suomen yliopisto, Soveltavan kasvatustieteen ja opettajankoulutuksen osasto Muut tekij\u00e4t: Pasi Eskelinen, It\u00e4-Suomen yliopisto, Soveltavan kasvatustieteen ja opettajankoulutuksen osasto; Henri Heiskanen, It\u00e4-Suomen yliopisto, Soveltavan kasvatustieteen ja opettajankoulutuksen osasto Abstrakti: Esityksess\u00e4 tarkastellaan luokanopettajaksi opiskelevien motivaatiota odotuksien ja arvojen n\u00e4k\u00f6kulmasta matematiikan pedagogiikan opintojaksolla alku- ja loppumittauksien avulla. Tutkimus on [&hellip;]<\/p>\n","protected":false},"author":1183,"featured_media":0,"comment_status":"open","ping_status":"open","sticky":false,"template":"","format":"standard","meta":{"_acf_changed":false,"footnotes":""},"categories":[1],"tags":[],"class_list":["post-719","post","type-post","status-publish","format-standard","hentry","category-uncategorized"],"acf":[],"yoast_head":"<!-- This site is optimized with the Yoast SEO plugin v27.3 - https:\/\/yoast.com\/product\/yoast-seo-wordpress\/ -->\n<title>Lasse Eronen: Motivaation tarkastelua matematiikan pedagogiikan opintojaksolla - Matematiikan ja luonnontieteiden opetuksen tutkimusp\u00e4iv\u00e4t 2024<\/title>\n<meta name=\"robots\" content=\"index, follow, max-snippet:-1, max-image-preview:large, max-video-preview:-1\" \/>\n<link rel=\"canonical\" href=\"https:\/\/sites.uef.fi\/mlpaivat2024\/2024\/10\/17\/lasse-eronen-motivaation-tarkastelua-matematiikan-pedagogiikan-opintojaksolla\/\" \/>\n<meta property=\"og:locale\" content=\"fi_FI\" \/>\n<meta property=\"og:type\" content=\"article\" \/>\n<meta property=\"og:title\" content=\"Lasse Eronen: Motivaation tarkastelua matematiikan pedagogiikan opintojaksolla - Matematiikan ja luonnontieteiden opetuksen tutkimusp\u00e4iv\u00e4t 2024\" \/>\n<meta property=\"og:description\" content=\"Aika: Pe 1.11. 9.15-9.40 Paikka: M110 Metria Esitt\u00e4j\u00e4n affiliaatio: It\u00e4-Suomen yliopisto, Soveltavan kasvatustieteen ja opettajankoulutuksen osasto Muut tekij\u00e4t: Pasi Eskelinen, It\u00e4-Suomen yliopisto, Soveltavan kasvatustieteen ja opettajankoulutuksen osasto; Henri Heiskanen, It\u00e4-Suomen yliopisto, Soveltavan kasvatustieteen ja opettajankoulutuksen osasto Abstrakti: Esityksess\u00e4 tarkastellaan luokanopettajaksi opiskelevien motivaatiota odotuksien ja arvojen n\u00e4k\u00f6kulmasta matematiikan pedagogiikan opintojaksolla alku- ja loppumittauksien avulla. Tutkimus on [&hellip;]\" \/>\n<meta property=\"og:url\" content=\"https:\/\/sites.uef.fi\/mlpaivat2024\/2024\/10\/17\/lasse-eronen-motivaation-tarkastelua-matematiikan-pedagogiikan-opintojaksolla\/\" \/>\n<meta property=\"og:site_name\" content=\"Matematiikan ja luonnontieteiden opetuksen tutkimusp\u00e4iv\u00e4t 2024\" \/>\n<meta property=\"article:published_time\" content=\"2024-10-17T11:29:13+00:00\" \/>\n<meta property=\"article:modified_time\" content=\"2024-10-17T11:29:14+00:00\" \/>\n<meta name=\"author\" content=\"antvi\" \/>\n<meta name=\"twitter:card\" content=\"summary_large_image\" \/>\n<meta name=\"twitter:label1\" content=\"Kirjoittanut\" \/>\n\t<meta name=\"twitter:data1\" content=\"antvi\" \/>\n\t<meta name=\"twitter:label2\" content=\"Arvioitu lukuaika\" \/>\n\t<meta name=\"twitter:data2\" content=\"1 minuutti\" \/>\n<script type=\"application\/ld+json\" class=\"yoast-schema-graph\">{\"@context\":\"https:\\\/\\\/schema.org\",\"@graph\":[{\"@type\":\"Article\",\"@id\":\"https:\\\/\\\/sites.uef.fi\\\/mlpaivat2024\\\/2024\\\/10\\\/17\\\/lasse-eronen-motivaation-tarkastelua-matematiikan-pedagogiikan-opintojaksolla\\\/#article\",\"isPartOf\":{\"@id\":\"https:\\\/\\\/sites.uef.fi\\\/mlpaivat2024\\\/2024\\\/10\\\/17\\\/lasse-eronen-motivaation-tarkastelua-matematiikan-pedagogiikan-opintojaksolla\\\/\"},\"author\":{\"name\":\"antvi\",\"@id\":\"https:\\\/\\\/sites.uef.fi\\\/mlpaivat2024\\\/#\\\/schema\\\/person\\\/08705d52a8e52c1cb68ecea800621977\"},\"headline\":\"Lasse Eronen: Motivaation tarkastelua matematiikan pedagogiikan opintojaksolla\",\"datePublished\":\"2024-10-17T11:29:13+00:00\",\"dateModified\":\"2024-10-17T11:29:14+00:00\",\"mainEntityOfPage\":{\"@id\":\"https:\\\/\\\/sites.uef.fi\\\/mlpaivat2024\\\/2024\\\/10\\\/17\\\/lasse-eronen-motivaation-tarkastelua-matematiikan-pedagogiikan-opintojaksolla\\\/\"},\"wordCount\":131,\"commentCount\":0,\"articleSection\":[\"Uncategorized\"],\"inLanguage\":\"fi\",\"potentialAction\":[{\"@type\":\"CommentAction\",\"name\":\"Comment\",\"target\":[\"https:\\\/\\\/sites.uef.fi\\\/mlpaivat2024\\\/2024\\\/10\\\/17\\\/lasse-eronen-motivaation-tarkastelua-matematiikan-pedagogiikan-opintojaksolla\\\/#respond\"]}]},{\"@type\":\"WebPage\",\"@id\":\"https:\\\/\\\/sites.uef.fi\\\/mlpaivat2024\\\/2024\\\/10\\\/17\\\/lasse-eronen-motivaation-tarkastelua-matematiikan-pedagogiikan-opintojaksolla\\\/\",\"url\":\"https:\\\/\\\/sites.uef.fi\\\/mlpaivat2024\\\/2024\\\/10\\\/17\\\/lasse-eronen-motivaation-tarkastelua-matematiikan-pedagogiikan-opintojaksolla\\\/\",\"name\":\"Lasse Eronen: Motivaation tarkastelua matematiikan pedagogiikan opintojaksolla - Matematiikan ja luonnontieteiden opetuksen tutkimusp\u00e4iv\u00e4t 2024\",\"isPartOf\":{\"@id\":\"https:\\\/\\\/sites.uef.fi\\\/mlpaivat2024\\\/#website\"},\"datePublished\":\"2024-10-17T11:29:13+00:00\",\"dateModified\":\"2024-10-17T11:29:14+00:00\",\"author\":{\"@id\":\"https:\\\/\\\/sites.uef.fi\\\/mlpaivat2024\\\/#\\\/schema\\\/person\\\/08705d52a8e52c1cb68ecea800621977\"},\"breadcrumb\":{\"@id\":\"https:\\\/\\\/sites.uef.fi\\\/mlpaivat2024\\\/2024\\\/10\\\/17\\\/lasse-eronen-motivaation-tarkastelua-matematiikan-pedagogiikan-opintojaksolla\\\/#breadcrumb\"},\"inLanguage\":\"fi\",\"potentialAction\":[{\"@type\":\"ReadAction\",\"target\":[\"https:\\\/\\\/sites.uef.fi\\\/mlpaivat2024\\\/2024\\\/10\\\/17\\\/lasse-eronen-motivaation-tarkastelua-matematiikan-pedagogiikan-opintojaksolla\\\/\"]}]},{\"@type\":\"BreadcrumbList\",\"@id\":\"https:\\\/\\\/sites.uef.fi\\\/mlpaivat2024\\\/2024\\\/10\\\/17\\\/lasse-eronen-motivaation-tarkastelua-matematiikan-pedagogiikan-opintojaksolla\\\/#breadcrumb\",\"itemListElement\":[{\"@type\":\"ListItem\",\"position\":1,\"name\":\"Home\",\"item\":\"https:\\\/\\\/sites.uef.fi\\\/mlpaivat2024\\\/\"},{\"@type\":\"ListItem\",\"position\":2,\"name\":\"Lasse Eronen: Motivaation tarkastelua matematiikan pedagogiikan opintojaksolla\"}]},{\"@type\":\"WebSite\",\"@id\":\"https:\\\/\\\/sites.uef.fi\\\/mlpaivat2024\\\/#website\",\"url\":\"https:\\\/\\\/sites.uef.fi\\\/mlpaivat2024\\\/\",\"name\":\"Matematiikan ja luonnontieteiden opetuksen tutkimusp\u00e4iv\u00e4t 2024\",\"description\":\"\",\"potentialAction\":[{\"@type\":\"SearchAction\",\"target\":{\"@type\":\"EntryPoint\",\"urlTemplate\":\"https:\\\/\\\/sites.uef.fi\\\/mlpaivat2024\\\/?s={search_term_string}\"},\"query-input\":{\"@type\":\"PropertyValueSpecification\",\"valueRequired\":true,\"valueName\":\"search_term_string\"}}],\"inLanguage\":\"fi\"},{\"@type\":\"Person\",\"@id\":\"https:\\\/\\\/sites.uef.fi\\\/mlpaivat2024\\\/#\\\/schema\\\/person\\\/08705d52a8e52c1cb68ecea800621977\",\"name\":\"antvi\",\"image\":{\"@type\":\"ImageObject\",\"inLanguage\":\"fi\",\"@id\":\"https:\\\/\\\/secure.gravatar.com\\\/avatar\\\/dd76b73cceeafbc46519e65ea94e9e08a1aec5e0b56e3090f36b23742c1d517c?s=96&d=mm&r=g\",\"url\":\"https:\\\/\\\/secure.gravatar.com\\\/avatar\\\/dd76b73cceeafbc46519e65ea94e9e08a1aec5e0b56e3090f36b23742c1d517c?s=96&d=mm&r=g\",\"contentUrl\":\"https:\\\/\\\/secure.gravatar.com\\\/avatar\\\/dd76b73cceeafbc46519e65ea94e9e08a1aec5e0b56e3090f36b23742c1d517c?s=96&d=mm&r=g\",\"caption\":\"antvi\"},\"url\":\"https:\\\/\\\/sites.uef.fi\\\/mlpaivat2024\\\/author\\\/antvi\\\/\"}]}<\/script>\n<!-- \/ Yoast SEO plugin. -->","yoast_head_json":{"title":"Lasse Eronen: Motivaation tarkastelua matematiikan pedagogiikan opintojaksolla - Matematiikan ja luonnontieteiden opetuksen tutkimusp\u00e4iv\u00e4t 2024","robots":{"index":"index","follow":"follow","max-snippet":"max-snippet:-1","max-image-preview":"max-image-preview:large","max-video-preview":"max-video-preview:-1"},"canonical":"https:\/\/sites.uef.fi\/mlpaivat2024\/2024\/10\/17\/lasse-eronen-motivaation-tarkastelua-matematiikan-pedagogiikan-opintojaksolla\/","og_locale":"fi_FI","og_type":"article","og_title":"Lasse Eronen: Motivaation tarkastelua matematiikan pedagogiikan opintojaksolla - Matematiikan ja luonnontieteiden opetuksen tutkimusp\u00e4iv\u00e4t 2024","og_description":"Aika: Pe 1.11. 9.15-9.40 Paikka: M110 Metria Esitt\u00e4j\u00e4n affiliaatio: It\u00e4-Suomen yliopisto, Soveltavan kasvatustieteen ja opettajankoulutuksen osasto Muut tekij\u00e4t: Pasi Eskelinen, It\u00e4-Suomen yliopisto, Soveltavan kasvatustieteen ja opettajankoulutuksen osasto; Henri Heiskanen, It\u00e4-Suomen yliopisto, Soveltavan kasvatustieteen ja opettajankoulutuksen osasto Abstrakti: Esityksess\u00e4 tarkastellaan luokanopettajaksi opiskelevien motivaatiota odotuksien ja arvojen n\u00e4k\u00f6kulmasta matematiikan pedagogiikan opintojaksolla alku- ja loppumittauksien avulla. Tutkimus on [&hellip;]","og_url":"https:\/\/sites.uef.fi\/mlpaivat2024\/2024\/10\/17\/lasse-eronen-motivaation-tarkastelua-matematiikan-pedagogiikan-opintojaksolla\/","og_site_name":"Matematiikan ja luonnontieteiden opetuksen tutkimusp\u00e4iv\u00e4t 2024","article_published_time":"2024-10-17T11:29:13+00:00","article_modified_time":"2024-10-17T11:29:14+00:00","author":"antvi","twitter_card":"summary_large_image","twitter_misc":{"Kirjoittanut":"antvi","Arvioitu lukuaika":"1 minuutti"},"schema":{"@context":"https:\/\/schema.org","@graph":[{"@type":"Article","@id":"https:\/\/sites.uef.fi\/mlpaivat2024\/2024\/10\/17\/lasse-eronen-motivaation-tarkastelua-matematiikan-pedagogiikan-opintojaksolla\/#article","isPartOf":{"@id":"https:\/\/sites.uef.fi\/mlpaivat2024\/2024\/10\/17\/lasse-eronen-motivaation-tarkastelua-matematiikan-pedagogiikan-opintojaksolla\/"},"author":{"name":"antvi","@id":"https:\/\/sites.uef.fi\/mlpaivat2024\/#\/schema\/person\/08705d52a8e52c1cb68ecea800621977"},"headline":"Lasse Eronen: Motivaation tarkastelua matematiikan pedagogiikan opintojaksolla","datePublished":"2024-10-17T11:29:13+00:00","dateModified":"2024-10-17T11:29:14+00:00","mainEntityOfPage":{"@id":"https:\/\/sites.uef.fi\/mlpaivat2024\/2024\/10\/17\/lasse-eronen-motivaation-tarkastelua-matematiikan-pedagogiikan-opintojaksolla\/"},"wordCount":131,"commentCount":0,"articleSection":["Uncategorized"],"inLanguage":"fi","potentialAction":[{"@type":"CommentAction","name":"Comment","target":["https:\/\/sites.uef.fi\/mlpaivat2024\/2024\/10\/17\/lasse-eronen-motivaation-tarkastelua-matematiikan-pedagogiikan-opintojaksolla\/#respond"]}]},{"@type":"WebPage","@id":"https:\/\/sites.uef.fi\/mlpaivat2024\/2024\/10\/17\/lasse-eronen-motivaation-tarkastelua-matematiikan-pedagogiikan-opintojaksolla\/","url":"https:\/\/sites.uef.fi\/mlpaivat2024\/2024\/10\/17\/lasse-eronen-motivaation-tarkastelua-matematiikan-pedagogiikan-opintojaksolla\/","name":"Lasse Eronen: Motivaation tarkastelua matematiikan pedagogiikan opintojaksolla - Matematiikan ja luonnontieteiden opetuksen tutkimusp\u00e4iv\u00e4t 2024","isPartOf":{"@id":"https:\/\/sites.uef.fi\/mlpaivat2024\/#website"},"datePublished":"2024-10-17T11:29:13+00:00","dateModified":"2024-10-17T11:29:14+00:00","author":{"@id":"https:\/\/sites.uef.fi\/mlpaivat2024\/#\/schema\/person\/08705d52a8e52c1cb68ecea800621977"},"breadcrumb":{"@id":"https:\/\/sites.uef.fi\/mlpaivat2024\/2024\/10\/17\/lasse-eronen-motivaation-tarkastelua-matematiikan-pedagogiikan-opintojaksolla\/#breadcrumb"},"inLanguage":"fi","potentialAction":[{"@type":"ReadAction","target":["https:\/\/sites.uef.fi\/mlpaivat2024\/2024\/10\/17\/lasse-eronen-motivaation-tarkastelua-matematiikan-pedagogiikan-opintojaksolla\/"]}]},{"@type":"BreadcrumbList","@id":"https:\/\/sites.uef.fi\/mlpaivat2024\/2024\/10\/17\/lasse-eronen-motivaation-tarkastelua-matematiikan-pedagogiikan-opintojaksolla\/#breadcrumb","itemListElement":[{"@type":"ListItem","position":1,"name":"Home","item":"https:\/\/sites.uef.fi\/mlpaivat2024\/"},{"@type":"ListItem","position":2,"name":"Lasse Eronen: Motivaation tarkastelua matematiikan pedagogiikan opintojaksolla"}]},{"@type":"WebSite","@id":"https:\/\/sites.uef.fi\/mlpaivat2024\/#website","url":"https:\/\/sites.uef.fi\/mlpaivat2024\/","name":"Matematiikan ja luonnontieteiden opetuksen tutkimusp\u00e4iv\u00e4t 2024","description":"","potentialAction":[{"@type":"SearchAction","target":{"@type":"EntryPoint","urlTemplate":"https:\/\/sites.uef.fi\/mlpaivat2024\/?s={search_term_string}"},"query-input":{"@type":"PropertyValueSpecification","valueRequired":true,"valueName":"search_term_string"}}],"inLanguage":"fi"},{"@type":"Person","@id":"https:\/\/sites.uef.fi\/mlpaivat2024\/#\/schema\/person\/08705d52a8e52c1cb68ecea800621977","name":"antvi","image":{"@type":"ImageObject","inLanguage":"fi","@id":"https:\/\/secure.gravatar.com\/avatar\/dd76b73cceeafbc46519e65ea94e9e08a1aec5e0b56e3090f36b23742c1d517c?s=96&d=mm&r=g","url":"https:\/\/secure.gravatar.com\/avatar\/dd76b73cceeafbc46519e65ea94e9e08a1aec5e0b56e3090f36b23742c1d517c?s=96&d=mm&r=g","contentUrl":"https:\/\/secure.gravatar.com\/avatar\/dd76b73cceeafbc46519e65ea94e9e08a1aec5e0b56e3090f36b23742c1d517c?s=96&d=mm&r=g","caption":"antvi"},"url":"https:\/\/sites.uef.fi\/mlpaivat2024\/author\/antvi\/"}]}},"_links":{"self":[{"href":"https:\/\/sites.uef.fi\/mlpaivat2024\/wp-json\/wp\/v2\/posts\/719","targetHints":{"allow":["GET"]}}],"collection":[{"href":"https:\/\/sites.uef.fi\/mlpaivat2024\/wp-json\/wp\/v2\/posts"}],"about":[{"href":"https:\/\/sites.uef.fi\/mlpaivat2024\/wp-json\/wp\/v2\/types\/post"}],"author":[{"embeddable":true,"href":"https:\/\/sites.uef.fi\/mlpaivat2024\/wp-json\/wp\/v2\/users\/1183"}],"replies":[{"embeddable":true,"href":"https:\/\/sites.uef.fi\/mlpaivat2024\/wp-json\/wp\/v2\/comments?post=719"}],"version-history":[{"count":1,"href":"https:\/\/sites.uef.fi\/mlpaivat2024\/wp-json\/wp\/v2\/posts\/719\/revisions"}],"predecessor-version":[{"id":725,"href":"https:\/\/sites.uef.fi\/mlpaivat2024\/wp-json\/wp\/v2\/posts\/719\/revisions\/725"}],"wp:attachment":[{"href":"https:\/\/sites.uef.fi\/mlpaivat2024\/wp-json\/wp\/v2\/media?parent=719"}],"wp:term":[{"taxonomy":"category","embeddable":true,"href":"https:\/\/sites.uef.fi\/mlpaivat2024\/wp-json\/wp\/v2\/categories?post=719"},{"taxonomy":"post_tag","embeddable":true,"href":"https:\/\/sites.uef.fi\/mlpaivat2024\/wp-json\/wp\/v2\/tags?post=719"}],"curies":[{"name":"wp","href":"https:\/\/api.w.org\/{rel}","templated":true}]}}