{"id":797,"date":"2024-10-17T14:09:24","date_gmt":"2024-10-17T12:09:24","guid":{"rendered":"https:\/\/sites.uef.fi\/mlpaivat2024\/?p=797"},"modified":"2024-10-18T10:27:22","modified_gmt":"2024-10-18T08:27:22","slug":"teemu-hynninen-uusien-fysiikan-paaaineopiskelijoiden-asenteet","status":"publish","type":"post","link":"https:\/\/sites.uef.fi\/mlpaivat2024\/2024\/10\/17\/teemu-hynninen-uusien-fysiikan-paaaineopiskelijoiden-asenteet\/","title":{"rendered":"Teemu Hynninen: Uusien fysiikan p\u00e4\u00e4aineopiskelijoiden asenteet"},"content":{"rendered":"\n<p>Aika: Pe 1.11. 12.50-13.15<\/p>\n\n\n\n<p>Paikka: M106 Metria<\/p>\n\n\n\n<p>Esitt\u00e4j\u00e4n affiliaatio: Turun yliopisto, Fysiikan ja t\u00e4htitieteen laitos<\/p>\n\n\n\n<p>Abstrakti:<\/p>\n\n\n\n<p>Olemme mitanneet Turun yliopistossa aloittavien fysiikan p\u00e4\u00e4aineopiskelijoiden asenteita fysiikkaa kohtaan vuodesta 2018 alkaen. T\u00e4h\u00e4n olemme k\u00e4ytt\u00e4neet Colorado learning attitudes about science survey -kysely\u00e4 (CLASS). Sek\u00e4 asenteet ett\u00e4 suoriutuminen yliopisto-opinnoissa k\u00e4rsiv\u00e4t covid-pandemian aikaisen et\u00e4opetusjakson aikana, eiv\u00e4tk\u00e4 n\u00e4m\u00e4 ole palanneet pandemiaa edelt\u00e4neelle tasolle. Samalla my\u00f6s Turun yliopistossa fysiikan opinnot aloittavien opiskelijoiden ylioppilasarvosanat ovat laskeneet. Koska ylioppilaskirjoitusten arvosanat ovat suhteellisia, tason laskua ei voi selitt\u00e4\u00e4 pelk\u00e4st\u00e4\u00e4n et\u00e4opetusjakson pitk\u00e4aikaisena vaikutuksena. Sen sijaan fysiikkaa n\u00e4ytt\u00e4\u00e4 hakeutuvan opiskelemaan erilainen populaatio kuin aikaisemmin.\u00a0<\/p>\n\n\n\n<p><\/p>\n","protected":false},"excerpt":{"rendered":"<p>Aika: Pe 1.11. 12.50-13.15 Paikka: M106 Metria Esitt\u00e4j\u00e4n affiliaatio: Turun yliopisto, Fysiikan ja t\u00e4htitieteen laitos Abstrakti: Olemme mitanneet Turun yliopistossa aloittavien fysiikan p\u00e4\u00e4aineopiskelijoiden asenteita fysiikkaa kohtaan vuodesta 2018 alkaen. T\u00e4h\u00e4n olemme k\u00e4ytt\u00e4neet Colorado learning attitudes about science survey -kysely\u00e4 (CLASS). Sek\u00e4 asenteet ett\u00e4 suoriutuminen yliopisto-opinnoissa k\u00e4rsiv\u00e4t covid-pandemian aikaisen et\u00e4opetusjakson aikana, eiv\u00e4tk\u00e4 n\u00e4m\u00e4 ole palanneet pandemiaa [&hellip;]<\/p>\n","protected":false},"author":1183,"featured_media":0,"comment_status":"open","ping_status":"open","sticky":false,"template":"","format":"standard","meta":{"_acf_changed":false,"footnotes":""},"categories":[1],"tags":[],"class_list":["post-797","post","type-post","status-publish","format-standard","hentry","category-uncategorized"],"acf":[],"yoast_head":"<!-- This site is optimized with the Yoast SEO plugin v27.3 - https:\/\/yoast.com\/product\/yoast-seo-wordpress\/ -->\n<title>Teemu Hynninen: Uusien fysiikan p\u00e4\u00e4aineopiskelijoiden asenteet - Matematiikan ja luonnontieteiden opetuksen tutkimusp\u00e4iv\u00e4t 2024<\/title>\n<meta name=\"robots\" content=\"index, follow, max-snippet:-1, max-image-preview:large, max-video-preview:-1\" \/>\n<link rel=\"canonical\" href=\"https:\/\/sites.uef.fi\/mlpaivat2024\/2024\/10\/17\/teemu-hynninen-uusien-fysiikan-paaaineopiskelijoiden-asenteet\/\" \/>\n<meta property=\"og:locale\" content=\"fi_FI\" \/>\n<meta property=\"og:type\" content=\"article\" \/>\n<meta property=\"og:title\" content=\"Teemu Hynninen: Uusien fysiikan p\u00e4\u00e4aineopiskelijoiden asenteet - Matematiikan ja luonnontieteiden opetuksen tutkimusp\u00e4iv\u00e4t 2024\" \/>\n<meta property=\"og:description\" content=\"Aika: Pe 1.11. 12.50-13.15 Paikka: M106 Metria Esitt\u00e4j\u00e4n affiliaatio: Turun yliopisto, Fysiikan ja t\u00e4htitieteen laitos Abstrakti: Olemme mitanneet Turun yliopistossa aloittavien fysiikan p\u00e4\u00e4aineopiskelijoiden asenteita fysiikkaa kohtaan vuodesta 2018 alkaen. T\u00e4h\u00e4n olemme k\u00e4ytt\u00e4neet Colorado learning attitudes about science survey -kysely\u00e4 (CLASS). Sek\u00e4 asenteet ett\u00e4 suoriutuminen yliopisto-opinnoissa k\u00e4rsiv\u00e4t covid-pandemian aikaisen et\u00e4opetusjakson aikana, eiv\u00e4tk\u00e4 n\u00e4m\u00e4 ole palanneet pandemiaa [&hellip;]\" \/>\n<meta property=\"og:url\" content=\"https:\/\/sites.uef.fi\/mlpaivat2024\/2024\/10\/17\/teemu-hynninen-uusien-fysiikan-paaaineopiskelijoiden-asenteet\/\" \/>\n<meta property=\"og:site_name\" content=\"Matematiikan ja luonnontieteiden opetuksen tutkimusp\u00e4iv\u00e4t 2024\" \/>\n<meta property=\"article:published_time\" content=\"2024-10-17T12:09:24+00:00\" \/>\n<meta property=\"article:modified_time\" content=\"2024-10-18T08:27:22+00:00\" \/>\n<meta name=\"author\" content=\"antvi\" \/>\n<meta name=\"twitter:card\" content=\"summary_large_image\" \/>\n<meta name=\"twitter:label1\" content=\"Kirjoittanut\" \/>\n\t<meta name=\"twitter:data1\" content=\"antvi\" \/>\n\t<meta name=\"twitter:label2\" content=\"Arvioitu lukuaika\" \/>\n\t<meta name=\"twitter:data2\" content=\"1 minuutti\" \/>\n<script type=\"application\/ld+json\" class=\"yoast-schema-graph\">{\"@context\":\"https:\\\/\\\/schema.org\",\"@graph\":[{\"@type\":\"Article\",\"@id\":\"https:\\\/\\\/sites.uef.fi\\\/mlpaivat2024\\\/2024\\\/10\\\/17\\\/teemu-hynninen-uusien-fysiikan-paaaineopiskelijoiden-asenteet\\\/#article\",\"isPartOf\":{\"@id\":\"https:\\\/\\\/sites.uef.fi\\\/mlpaivat2024\\\/2024\\\/10\\\/17\\\/teemu-hynninen-uusien-fysiikan-paaaineopiskelijoiden-asenteet\\\/\"},\"author\":{\"name\":\"antvi\",\"@id\":\"https:\\\/\\\/sites.uef.fi\\\/mlpaivat2024\\\/#\\\/schema\\\/person\\\/08705d52a8e52c1cb68ecea800621977\"},\"headline\":\"Teemu Hynninen: Uusien fysiikan p\u00e4\u00e4aineopiskelijoiden asenteet\",\"datePublished\":\"2024-10-17T12:09:24+00:00\",\"dateModified\":\"2024-10-18T08:27:22+00:00\",\"mainEntityOfPage\":{\"@id\":\"https:\\\/\\\/sites.uef.fi\\\/mlpaivat2024\\\/2024\\\/10\\\/17\\\/teemu-hynninen-uusien-fysiikan-paaaineopiskelijoiden-asenteet\\\/\"},\"wordCount\":117,\"commentCount\":0,\"articleSection\":[\"Uncategorized\"],\"inLanguage\":\"fi\",\"potentialAction\":[{\"@type\":\"CommentAction\",\"name\":\"Comment\",\"target\":[\"https:\\\/\\\/sites.uef.fi\\\/mlpaivat2024\\\/2024\\\/10\\\/17\\\/teemu-hynninen-uusien-fysiikan-paaaineopiskelijoiden-asenteet\\\/#respond\"]}]},{\"@type\":\"WebPage\",\"@id\":\"https:\\\/\\\/sites.uef.fi\\\/mlpaivat2024\\\/2024\\\/10\\\/17\\\/teemu-hynninen-uusien-fysiikan-paaaineopiskelijoiden-asenteet\\\/\",\"url\":\"https:\\\/\\\/sites.uef.fi\\\/mlpaivat2024\\\/2024\\\/10\\\/17\\\/teemu-hynninen-uusien-fysiikan-paaaineopiskelijoiden-asenteet\\\/\",\"name\":\"Teemu Hynninen: Uusien fysiikan p\u00e4\u00e4aineopiskelijoiden asenteet - Matematiikan ja luonnontieteiden opetuksen tutkimusp\u00e4iv\u00e4t 2024\",\"isPartOf\":{\"@id\":\"https:\\\/\\\/sites.uef.fi\\\/mlpaivat2024\\\/#website\"},\"datePublished\":\"2024-10-17T12:09:24+00:00\",\"dateModified\":\"2024-10-18T08:27:22+00:00\",\"author\":{\"@id\":\"https:\\\/\\\/sites.uef.fi\\\/mlpaivat2024\\\/#\\\/schema\\\/person\\\/08705d52a8e52c1cb68ecea800621977\"},\"breadcrumb\":{\"@id\":\"https:\\\/\\\/sites.uef.fi\\\/mlpaivat2024\\\/2024\\\/10\\\/17\\\/teemu-hynninen-uusien-fysiikan-paaaineopiskelijoiden-asenteet\\\/#breadcrumb\"},\"inLanguage\":\"fi\",\"potentialAction\":[{\"@type\":\"ReadAction\",\"target\":[\"https:\\\/\\\/sites.uef.fi\\\/mlpaivat2024\\\/2024\\\/10\\\/17\\\/teemu-hynninen-uusien-fysiikan-paaaineopiskelijoiden-asenteet\\\/\"]}]},{\"@type\":\"BreadcrumbList\",\"@id\":\"https:\\\/\\\/sites.uef.fi\\\/mlpaivat2024\\\/2024\\\/10\\\/17\\\/teemu-hynninen-uusien-fysiikan-paaaineopiskelijoiden-asenteet\\\/#breadcrumb\",\"itemListElement\":[{\"@type\":\"ListItem\",\"position\":1,\"name\":\"Home\",\"item\":\"https:\\\/\\\/sites.uef.fi\\\/mlpaivat2024\\\/\"},{\"@type\":\"ListItem\",\"position\":2,\"name\":\"Teemu Hynninen: Uusien fysiikan p\u00e4\u00e4aineopiskelijoiden asenteet\"}]},{\"@type\":\"WebSite\",\"@id\":\"https:\\\/\\\/sites.uef.fi\\\/mlpaivat2024\\\/#website\",\"url\":\"https:\\\/\\\/sites.uef.fi\\\/mlpaivat2024\\\/\",\"name\":\"Matematiikan ja luonnontieteiden opetuksen tutkimusp\u00e4iv\u00e4t 2024\",\"description\":\"\",\"potentialAction\":[{\"@type\":\"SearchAction\",\"target\":{\"@type\":\"EntryPoint\",\"urlTemplate\":\"https:\\\/\\\/sites.uef.fi\\\/mlpaivat2024\\\/?s={search_term_string}\"},\"query-input\":{\"@type\":\"PropertyValueSpecification\",\"valueRequired\":true,\"valueName\":\"search_term_string\"}}],\"inLanguage\":\"fi\"},{\"@type\":\"Person\",\"@id\":\"https:\\\/\\\/sites.uef.fi\\\/mlpaivat2024\\\/#\\\/schema\\\/person\\\/08705d52a8e52c1cb68ecea800621977\",\"name\":\"antvi\",\"image\":{\"@type\":\"ImageObject\",\"inLanguage\":\"fi\",\"@id\":\"https:\\\/\\\/secure.gravatar.com\\\/avatar\\\/dd76b73cceeafbc46519e65ea94e9e08a1aec5e0b56e3090f36b23742c1d517c?s=96&d=mm&r=g\",\"url\":\"https:\\\/\\\/secure.gravatar.com\\\/avatar\\\/dd76b73cceeafbc46519e65ea94e9e08a1aec5e0b56e3090f36b23742c1d517c?s=96&d=mm&r=g\",\"contentUrl\":\"https:\\\/\\\/secure.gravatar.com\\\/avatar\\\/dd76b73cceeafbc46519e65ea94e9e08a1aec5e0b56e3090f36b23742c1d517c?s=96&d=mm&r=g\",\"caption\":\"antvi\"},\"url\":\"https:\\\/\\\/sites.uef.fi\\\/mlpaivat2024\\\/author\\\/antvi\\\/\"}]}<\/script>\n<!-- \/ Yoast SEO plugin. -->","yoast_head_json":{"title":"Teemu Hynninen: Uusien fysiikan p\u00e4\u00e4aineopiskelijoiden asenteet - Matematiikan ja luonnontieteiden opetuksen tutkimusp\u00e4iv\u00e4t 2024","robots":{"index":"index","follow":"follow","max-snippet":"max-snippet:-1","max-image-preview":"max-image-preview:large","max-video-preview":"max-video-preview:-1"},"canonical":"https:\/\/sites.uef.fi\/mlpaivat2024\/2024\/10\/17\/teemu-hynninen-uusien-fysiikan-paaaineopiskelijoiden-asenteet\/","og_locale":"fi_FI","og_type":"article","og_title":"Teemu Hynninen: Uusien fysiikan p\u00e4\u00e4aineopiskelijoiden asenteet - Matematiikan ja luonnontieteiden opetuksen tutkimusp\u00e4iv\u00e4t 2024","og_description":"Aika: Pe 1.11. 12.50-13.15 Paikka: M106 Metria Esitt\u00e4j\u00e4n affiliaatio: Turun yliopisto, Fysiikan ja t\u00e4htitieteen laitos Abstrakti: Olemme mitanneet Turun yliopistossa aloittavien fysiikan p\u00e4\u00e4aineopiskelijoiden asenteita fysiikkaa kohtaan vuodesta 2018 alkaen. T\u00e4h\u00e4n olemme k\u00e4ytt\u00e4neet Colorado learning attitudes about science survey -kysely\u00e4 (CLASS). Sek\u00e4 asenteet ett\u00e4 suoriutuminen yliopisto-opinnoissa k\u00e4rsiv\u00e4t covid-pandemian aikaisen et\u00e4opetusjakson aikana, eiv\u00e4tk\u00e4 n\u00e4m\u00e4 ole palanneet pandemiaa [&hellip;]","og_url":"https:\/\/sites.uef.fi\/mlpaivat2024\/2024\/10\/17\/teemu-hynninen-uusien-fysiikan-paaaineopiskelijoiden-asenteet\/","og_site_name":"Matematiikan ja luonnontieteiden opetuksen tutkimusp\u00e4iv\u00e4t 2024","article_published_time":"2024-10-17T12:09:24+00:00","article_modified_time":"2024-10-18T08:27:22+00:00","author":"antvi","twitter_card":"summary_large_image","twitter_misc":{"Kirjoittanut":"antvi","Arvioitu lukuaika":"1 minuutti"},"schema":{"@context":"https:\/\/schema.org","@graph":[{"@type":"Article","@id":"https:\/\/sites.uef.fi\/mlpaivat2024\/2024\/10\/17\/teemu-hynninen-uusien-fysiikan-paaaineopiskelijoiden-asenteet\/#article","isPartOf":{"@id":"https:\/\/sites.uef.fi\/mlpaivat2024\/2024\/10\/17\/teemu-hynninen-uusien-fysiikan-paaaineopiskelijoiden-asenteet\/"},"author":{"name":"antvi","@id":"https:\/\/sites.uef.fi\/mlpaivat2024\/#\/schema\/person\/08705d52a8e52c1cb68ecea800621977"},"headline":"Teemu Hynninen: Uusien fysiikan p\u00e4\u00e4aineopiskelijoiden asenteet","datePublished":"2024-10-17T12:09:24+00:00","dateModified":"2024-10-18T08:27:22+00:00","mainEntityOfPage":{"@id":"https:\/\/sites.uef.fi\/mlpaivat2024\/2024\/10\/17\/teemu-hynninen-uusien-fysiikan-paaaineopiskelijoiden-asenteet\/"},"wordCount":117,"commentCount":0,"articleSection":["Uncategorized"],"inLanguage":"fi","potentialAction":[{"@type":"CommentAction","name":"Comment","target":["https:\/\/sites.uef.fi\/mlpaivat2024\/2024\/10\/17\/teemu-hynninen-uusien-fysiikan-paaaineopiskelijoiden-asenteet\/#respond"]}]},{"@type":"WebPage","@id":"https:\/\/sites.uef.fi\/mlpaivat2024\/2024\/10\/17\/teemu-hynninen-uusien-fysiikan-paaaineopiskelijoiden-asenteet\/","url":"https:\/\/sites.uef.fi\/mlpaivat2024\/2024\/10\/17\/teemu-hynninen-uusien-fysiikan-paaaineopiskelijoiden-asenteet\/","name":"Teemu Hynninen: Uusien fysiikan p\u00e4\u00e4aineopiskelijoiden asenteet - Matematiikan ja luonnontieteiden opetuksen tutkimusp\u00e4iv\u00e4t 2024","isPartOf":{"@id":"https:\/\/sites.uef.fi\/mlpaivat2024\/#website"},"datePublished":"2024-10-17T12:09:24+00:00","dateModified":"2024-10-18T08:27:22+00:00","author":{"@id":"https:\/\/sites.uef.fi\/mlpaivat2024\/#\/schema\/person\/08705d52a8e52c1cb68ecea800621977"},"breadcrumb":{"@id":"https:\/\/sites.uef.fi\/mlpaivat2024\/2024\/10\/17\/teemu-hynninen-uusien-fysiikan-paaaineopiskelijoiden-asenteet\/#breadcrumb"},"inLanguage":"fi","potentialAction":[{"@type":"ReadAction","target":["https:\/\/sites.uef.fi\/mlpaivat2024\/2024\/10\/17\/teemu-hynninen-uusien-fysiikan-paaaineopiskelijoiden-asenteet\/"]}]},{"@type":"BreadcrumbList","@id":"https:\/\/sites.uef.fi\/mlpaivat2024\/2024\/10\/17\/teemu-hynninen-uusien-fysiikan-paaaineopiskelijoiden-asenteet\/#breadcrumb","itemListElement":[{"@type":"ListItem","position":1,"name":"Home","item":"https:\/\/sites.uef.fi\/mlpaivat2024\/"},{"@type":"ListItem","position":2,"name":"Teemu Hynninen: Uusien fysiikan p\u00e4\u00e4aineopiskelijoiden asenteet"}]},{"@type":"WebSite","@id":"https:\/\/sites.uef.fi\/mlpaivat2024\/#website","url":"https:\/\/sites.uef.fi\/mlpaivat2024\/","name":"Matematiikan ja luonnontieteiden opetuksen tutkimusp\u00e4iv\u00e4t 2024","description":"","potentialAction":[{"@type":"SearchAction","target":{"@type":"EntryPoint","urlTemplate":"https:\/\/sites.uef.fi\/mlpaivat2024\/?s={search_term_string}"},"query-input":{"@type":"PropertyValueSpecification","valueRequired":true,"valueName":"search_term_string"}}],"inLanguage":"fi"},{"@type":"Person","@id":"https:\/\/sites.uef.fi\/mlpaivat2024\/#\/schema\/person\/08705d52a8e52c1cb68ecea800621977","name":"antvi","image":{"@type":"ImageObject","inLanguage":"fi","@id":"https:\/\/secure.gravatar.com\/avatar\/dd76b73cceeafbc46519e65ea94e9e08a1aec5e0b56e3090f36b23742c1d517c?s=96&d=mm&r=g","url":"https:\/\/secure.gravatar.com\/avatar\/dd76b73cceeafbc46519e65ea94e9e08a1aec5e0b56e3090f36b23742c1d517c?s=96&d=mm&r=g","contentUrl":"https:\/\/secure.gravatar.com\/avatar\/dd76b73cceeafbc46519e65ea94e9e08a1aec5e0b56e3090f36b23742c1d517c?s=96&d=mm&r=g","caption":"antvi"},"url":"https:\/\/sites.uef.fi\/mlpaivat2024\/author\/antvi\/"}]}},"_links":{"self":[{"href":"https:\/\/sites.uef.fi\/mlpaivat2024\/wp-json\/wp\/v2\/posts\/797","targetHints":{"allow":["GET"]}}],"collection":[{"href":"https:\/\/sites.uef.fi\/mlpaivat2024\/wp-json\/wp\/v2\/posts"}],"about":[{"href":"https:\/\/sites.uef.fi\/mlpaivat2024\/wp-json\/wp\/v2\/types\/post"}],"author":[{"embeddable":true,"href":"https:\/\/sites.uef.fi\/mlpaivat2024\/wp-json\/wp\/v2\/users\/1183"}],"replies":[{"embeddable":true,"href":"https:\/\/sites.uef.fi\/mlpaivat2024\/wp-json\/wp\/v2\/comments?post=797"}],"version-history":[{"count":2,"href":"https:\/\/sites.uef.fi\/mlpaivat2024\/wp-json\/wp\/v2\/posts\/797\/revisions"}],"predecessor-version":[{"id":887,"href":"https:\/\/sites.uef.fi\/mlpaivat2024\/wp-json\/wp\/v2\/posts\/797\/revisions\/887"}],"wp:attachment":[{"href":"https:\/\/sites.uef.fi\/mlpaivat2024\/wp-json\/wp\/v2\/media?parent=797"}],"wp:term":[{"taxonomy":"category","embeddable":true,"href":"https:\/\/sites.uef.fi\/mlpaivat2024\/wp-json\/wp\/v2\/categories?post=797"},{"taxonomy":"post_tag","embeddable":true,"href":"https:\/\/sites.uef.fi\/mlpaivat2024\/wp-json\/wp\/v2\/tags?post=797"}],"curies":[{"name":"wp","href":"https:\/\/api.w.org\/{rel}","templated":true}]}}