{"id":4226,"date":"2023-01-30T14:01:28","date_gmt":"2023-01-30T12:01:28","guid":{"rendered":"https:\/\/sites.uef.fi\/verkko-ja-monimuotopedagogiikka\/?p=4226"},"modified":"2023-01-30T14:05:42","modified_gmt":"2023-01-30T12:05:42","slug":"viikon-vinkki-5-2023","status":"publish","type":"post","link":"https:\/\/sites.uef.fi\/verkko-ja-monimuotopedagogiikka\/2023\/01\/30\/viikon-vinkki-5-2023\/","title":{"rendered":"Viikon vinkki 5\/2023"},"content":{"rendered":"\n<h2 class=\"wp-block-heading\">Tule tutustumaan Digiopettajan taitopaketteihin!<\/h2>\n\n\n\n<p>Webinaareissa esitell\u00e4\u00e4n kunkin paketin keskeisin sis\u00e4lt\u00f6, annetaan esimerkkej\u00e4 niiden soveltamisesta opetuksessa sek\u00e4 kerrotaan miten pakettien sis\u00e4lt\u00e4m\u00e4t keskeisimm\u00e4t digitaaliset ty\u00f6v\u00e4lineet saa k\u00e4ytt\u00f6\u00f6n.<\/p>\n\n\n\n<ul class=\"wp-block-list\">\n<li><strong><a href=\"https:\/\/sway.office.com\/67iC51eHV9xBemOY?ref=Link\" target=\"_blank\" rel=\"noreferrer noopener\">Starttipaketti<\/a> -webinaari:<\/strong> <strong>28.2.2023 klo 9:30 &#8211; 11:00<\/strong><\/li>\n<\/ul>\n\n\n\n<ul class=\"wp-block-list\">\n<li><strong><a href=\"https:\/\/sway.office.com\/JFC414mT4NEmDDYf?ref=Link\" target=\"_blank\" rel=\"noreferrer noopener\">Jatkopaketti<\/a> -webinaari<\/strong>: <strong>29.3.2023 klo 13:30 &#8211; 15:00<\/strong><\/li>\n<\/ul>\n\n\n\n<ul class=\"wp-block-list\">\n<li><strong><a href=\"https:\/\/sway.office.com\/3FBAnzy9wVjEfBtK?ref=Link\" target=\"_blank\" rel=\"noreferrer noopener\">Asiantuntijapakett<\/a>i -webinaari<\/strong>: <strong>28.4.2023 klo 12:00 &#8211; 13:30<\/strong><\/li>\n<\/ul>\n\n\n\n<p>Webinaarit j\u00e4rjestet\u00e4\u00e4n Teamsissa, osallistumislinkki toimitetaan ilmoittautuneille.<\/p>\n\n\n\n<p>Lue lis\u00e4\u00e4 ja <a href=\"https:\/\/event.contio.fi\/uef\/Calendar\/\">Ilmoittaudu Koulutuskalenterin kautta<\/a> (vaatii uef-kirjautumisen).<\/p>\n","protected":false},"excerpt":{"rendered":"<p>Tule tutustumaan Digiopettajan taitopaketteihin! Webinaareissa esitell\u00e4\u00e4n kunkin paketin keskeisin sis\u00e4lt\u00f6, annetaan esimerkkej\u00e4 niiden soveltamisesta opetuksessa sek\u00e4 kerrotaan miten pakettien sis\u00e4lt\u00e4m\u00e4t keskeisimm\u00e4t digitaaliset ty\u00f6v\u00e4lineet saa k\u00e4ytt\u00f6\u00f6n. Webinaarit j\u00e4rjestet\u00e4\u00e4n Teamsissa, osallistumislinkki toimitetaan ilmoittautuneille. Lue lis\u00e4\u00e4 ja Ilmoittaudu Koulutuskalenterin kautta (vaatii uef-kirjautumisen).<\/p>\n","protected":false},"author":447,"featured_media":0,"comment_status":"open","ping_status":"open","sticky":false,"template":"","format":"standard","meta":{"_acf_changed":false,"footnotes":""},"categories":[13],"tags":[476,473,259,467],"class_list":["post-4226","post","type-post","status-publish","format-standard","hentry","category-viikon-vinkit","tag-digiopettajan-asiantuntijapaketti","tag-digiopettajan-jatkopaketti","tag-digiopettajan-starttipaketti","tag-digiopettajan-taitopaketit"],"acf":[],"_links":{"self":[{"href":"https:\/\/sites.uef.fi\/verkko-ja-monimuotopedagogiikka\/wp-json\/wp\/v2\/posts\/4226","targetHints":{"allow":["GET"]}}],"collection":[{"href":"https:\/\/sites.uef.fi\/verkko-ja-monimuotopedagogiikka\/wp-json\/wp\/v2\/posts"}],"about":[{"href":"https:\/\/sites.uef.fi\/verkko-ja-monimuotopedagogiikka\/wp-json\/wp\/v2\/types\/post"}],"author":[{"embeddable":true,"href":"https:\/\/sites.uef.fi\/verkko-ja-monimuotopedagogiikka\/wp-json\/wp\/v2\/users\/447"}],"replies":[{"embeddable":true,"href":"https:\/\/sites.uef.fi\/verkko-ja-monimuotopedagogiikka\/wp-json\/wp\/v2\/comments?post=4226"}],"version-history":[{"count":2,"href":"https:\/\/sites.uef.fi\/verkko-ja-monimuotopedagogiikka\/wp-json\/wp\/v2\/posts\/4226\/revisions"}],"predecessor-version":[{"id":4244,"href":"https:\/\/sites.uef.fi\/verkko-ja-monimuotopedagogiikka\/wp-json\/wp\/v2\/posts\/4226\/revisions\/4244"}],"wp:attachment":[{"href":"https:\/\/sites.uef.fi\/verkko-ja-monimuotopedagogiikka\/wp-json\/wp\/v2\/media?parent=4226"}],"wp:term":[{"taxonomy":"category","embeddable":true,"href":"https:\/\/sites.uef.fi\/verkko-ja-monimuotopedagogiikka\/wp-json\/wp\/v2\/categories?post=4226"},{"taxonomy":"post_tag","embeddable":true,"href":"https:\/\/sites.uef.fi\/verkko-ja-monimuotopedagogiikka\/wp-json\/wp\/v2\/tags?post=4226"}],"curies":[{"name":"wp","href":"https:\/\/api.w.org\/{rel}","templated":true}]}}