{"id":5844,"date":"2024-10-30T13:07:09","date_gmt":"2024-10-30T11:07:09","guid":{"rendered":"https:\/\/sites.uef.fi\/verkko-ja-monimuotopedagogiikka\/?p=5844"},"modified":"2024-10-30T13:07:12","modified_gmt":"2024-10-30T11:07:12","slug":"viikon-vinkki-30-2024","status":"publish","type":"post","link":"https:\/\/sites.uef.fi\/verkko-ja-monimuotopedagogiikka\/2024\/10\/30\/viikon-vinkki-30-2024\/","title":{"rendered":"Viikon vinkki 30\/2024"},"content":{"rendered":"\n<p><strong>Hu-huu! All Hallow&#8217;s Eve, kekrisesonki, ja opetuksen tuen kyselytuloksia tiedossa!<\/strong><\/p>\n\n\n\n<p>Tule kuulolle Teamsin kautta (UEF-kirjautuminen), kun verkko- ja monimuotopedagogiikan fasiliaattorit esittelev\u00e4t kev\u00e4\u00e4ll\u00e4 2024 toteuttamansa opetuksen teknis-pedagogisen tuen kyselyn tuloksia.<\/p>\n\n\n\n<p>Hu-huu-uuu&#8230; j\u00e4nnitt\u00e4vi\u00e4 tuloksia tiedossa <strong>11.11.2024 klo 13.00-14.00 UEFPeda-webinaarissa \u201dOispa aikaa, mutta hyv\u00e4 ett\u00e4 on sent\u00e4\u00e4n kollegoja!\u201d<\/strong><\/p>\n\n\n\n<p>Tule mukaan keskustelemaan opetuksen teknisest\u00e4 ja pedagogisesta tuesta.<\/p>\n\n\n\n<p><a href=\"https:\/\/eur03.safelinks.protection.outlook.com\/ap\/t-59584e83\/?url=https:\/\/teams.microsoft.com\/l\/meetup-join\/19%253ameeting_MTY0YWM1YjktM2M3Mi00NTMwLTkwMTQtNjliZDg5NjIwOTgy%2540thread.v2\/0?context%3D%257b%2522Tid%2522%253a%252287879f2e-7304-4bf2-baf2-63e7f83f3c34%2522%252c%2522Oid%2522%253a%2522f920fad5-e177-4183-9f08-226c46ffadc3%2522%257d&amp;data=05%7c02%7cviestinta%40uef.fi%7c681ee44933534d6c95c408dcf717b1d9%7c87879f2e73044bf2baf263e7f83f3c34%7c0%7c0%7c638656928393507725%7cUnknown%7cTWFpbGZsb3d8eyJWIjoiMC4wLjAwMDAiLCJQIjoiV2luMzIiLCJBTiI6Ik1haWwiLCJXVCI6Mn0%3D%7c0%7c%7c%7c&amp;sdata=E2ClCb%2BaXGFpmy1aGto093N8v3LlJghW0kHvq4A03ws%3D&amp;reserved=0\" target=\"_blank\" rel=\"noreferrer noopener\">Liity Teamsilla t\u00e4st\u00e4<\/a>. (UEF-kirjautuminen vaaditaan.)<\/p>\n\n\n\n<p>Ja liittyyk\u00f6 sesongin teema jotenkin tuloksiin&#8230; t\u00e4m\u00e4 selvi\u00e4\u00e4 11.11.2024 klo 13.00!<\/p>\n\n\n\n<figure class=\"wp-block-image size-medium\"><img loading=\"lazy\" decoding=\"async\" width=\"300\" height=\"300\" src=\"https:\/\/sites.uef.fi\/verkko-ja-monimuotopedagogiikka\/wp-content\/uploads\/sites\/245\/2024\/10\/31st-October-suomeksi-300x300.png\" alt=\"All Hallow's Eve, Halloween, ja: kekri, Samhain, All Saints, All Souls, pyh\u00e4inp\u00e4iv\u00e4, D\u00eda de muertos, Diwali. Taustalla isoja oransseja kurpitsoita.\" class=\"wp-image-5847\" srcset=\"https:\/\/sites.uef.fi\/verkko-ja-monimuotopedagogiikka\/wp-content\/uploads\/sites\/245\/2024\/10\/31st-October-suomeksi-300x300.png 300w, https:\/\/sites.uef.fi\/verkko-ja-monimuotopedagogiikka\/wp-content\/uploads\/sites\/245\/2024\/10\/31st-October-suomeksi-1024x1024.png 1024w, https:\/\/sites.uef.fi\/verkko-ja-monimuotopedagogiikka\/wp-content\/uploads\/sites\/245\/2024\/10\/31st-October-suomeksi-150x150.png 150w, https:\/\/sites.uef.fi\/verkko-ja-monimuotopedagogiikka\/wp-content\/uploads\/sites\/245\/2024\/10\/31st-October-suomeksi-768x768.png 768w, https:\/\/sites.uef.fi\/verkko-ja-monimuotopedagogiikka\/wp-content\/uploads\/sites\/245\/2024\/10\/31st-October-suomeksi-100x100.png 100w, https:\/\/sites.uef.fi\/verkko-ja-monimuotopedagogiikka\/wp-content\/uploads\/sites\/245\/2024\/10\/31st-October-suomeksi.png 1080w\" sizes=\"auto, (max-width: 300px) 100vw, 300px\" \/><figcaption class=\"wp-element-caption\">All Hallow&#8217;s Eve, Halloween, ja: kekri, Samhain, All Saints, All Souls, pyh\u00e4inp\u00e4iv\u00e4, D\u00eda de muertos, Diwali.<\/figcaption><\/figure>\n","protected":false},"excerpt":{"rendered":"<p>Hu-huu! All Hallow&#8217;s Eve, kekrisesonki, ja opetuksen tuen kyselytuloksia tiedossa! Tule kuulolle Teamsin kautta (UEF-kirjautuminen), kun verkko- ja monimuotopedagogiikan fasiliaattorit esittelev\u00e4t kev\u00e4\u00e4ll\u00e4 2024 toteuttamansa opetuksen teknis-pedagogisen tuen kyselyn tuloksia. Hu-huu-uuu&#8230; j\u00e4nnitt\u00e4vi\u00e4 tuloksia tiedossa 11.11.2024 klo 13.00-14.00 UEFPeda-webinaarissa \u201dOispa aikaa, mutta hyv\u00e4 ett\u00e4 on sent\u00e4\u00e4n kollegoja!\u201d Tule mukaan keskustelemaan opetuksen teknisest\u00e4 ja pedagogisesta tuesta. Liity Teamsilla &hellip; <\/p>\n<p class=\"link-more\"><a href=\"https:\/\/sites.uef.fi\/verkko-ja-monimuotopedagogiikka\/2024\/10\/30\/viikon-vinkki-30-2024\/\" class=\"more-link\">Jatka lukemista<span class=\"screen-reader-text\"> &#8221;Viikon vinkki 30\/2024&#8221;<\/span><\/a><\/p>\n","protected":false},"author":458,"featured_media":0,"comment_status":"open","ping_status":"open","sticky":false,"template":"","format":"standard","meta":{"_acf_changed":false,"footnotes":""},"categories":[13],"tags":[918,906,909,903,900,897],"class_list":["post-5844","post","type-post","status-publish","format-standard","hentry","category-viikon-vinkit","tag-all-saints","tag-halloween","tag-kekri","tag-kyselytuloksia","tag-opetuksen-teknis-pedagogisen-tuen-kysely","tag-uefpeda-webinaari"],"acf":[],"_links":{"self":[{"href":"https:\/\/sites.uef.fi\/verkko-ja-monimuotopedagogiikka\/wp-json\/wp\/v2\/posts\/5844","targetHints":{"allow":["GET"]}}],"collection":[{"href":"https:\/\/sites.uef.fi\/verkko-ja-monimuotopedagogiikka\/wp-json\/wp\/v2\/posts"}],"about":[{"href":"https:\/\/sites.uef.fi\/verkko-ja-monimuotopedagogiikka\/wp-json\/wp\/v2\/types\/post"}],"author":[{"embeddable":true,"href":"https:\/\/sites.uef.fi\/verkko-ja-monimuotopedagogiikka\/wp-json\/wp\/v2\/users\/458"}],"replies":[{"embeddable":true,"href":"https:\/\/sites.uef.fi\/verkko-ja-monimuotopedagogiikka\/wp-json\/wp\/v2\/comments?post=5844"}],"version-history":[{"count":1,"href":"https:\/\/sites.uef.fi\/verkko-ja-monimuotopedagogiikka\/wp-json\/wp\/v2\/posts\/5844\/revisions"}],"predecessor-version":[{"id":5853,"href":"https:\/\/sites.uef.fi\/verkko-ja-monimuotopedagogiikka\/wp-json\/wp\/v2\/posts\/5844\/revisions\/5853"}],"wp:attachment":[{"href":"https:\/\/sites.uef.fi\/verkko-ja-monimuotopedagogiikka\/wp-json\/wp\/v2\/media?parent=5844"}],"wp:term":[{"taxonomy":"category","embeddable":true,"href":"https:\/\/sites.uef.fi\/verkko-ja-monimuotopedagogiikka\/wp-json\/wp\/v2\/categories?post=5844"},{"taxonomy":"post_tag","embeddable":true,"href":"https:\/\/sites.uef.fi\/verkko-ja-monimuotopedagogiikka\/wp-json\/wp\/v2\/tags?post=5844"}],"curies":[{"name":"wp","href":"https:\/\/api.w.org\/{rel}","templated":true}]}}